{"id":21183,"date":"2011-08-03T15:36:17","date_gmt":"2011-08-03T18:36:17","guid":{"rendered":"http:\/\/www.r2cpress.com.br\/v1\/?p=21183"},"modified":"2011-08-03T15:36:17","modified_gmt":"2011-08-03T18:36:17","slug":"rua-sa-oliveira-e-praca-cel-pessoa","status":"publish","type":"post","link":"https:\/\/www.r2cpress.com.br\/v1\/2011\/08\/03\/rua-sa-oliveira-e-praca-cel-pessoa\/","title":{"rendered":"Rua S\u00e1 Oliveira e Pra\u00e7a Cel. Pessoa"},"content":{"rendered":"<p>Rabat:<\/p>\n<p>A reforma da Rua S\u00e1 Oliveira e Pra\u00e7a Coronel Pessoa, no Centro da Cidade de Ilh\u00e9us, que come\u00e7ou no dia 12.04.2010, se arrasta h\u00e1 exatamente 1 ano, 3 meses e 21 dias. <\/p>\n<p>\u00c9 OU N\u00c3O \u00c9 UMA VERGONHA?<\/p>\n<p>&#8212;<br \/>\nCarlos da Silva Mascarenhas<br \/>\ncarlos.consultic@gmail.com<br \/>\n73 8147-0607<\/p>\n","protected":false},"excerpt":{"rendered":"<p>Rabat: A reforma da Rua S\u00e1 Oliveira e Pra\u00e7a Coronel Pessoa, no Centro da Cidade de Ilh\u00e9us, que come\u00e7ou no dia 12.04.2010, se arrasta h\u00e1 exatamente 1 ano, 3 meses e 21 dias. \u00c9 OU N\u00c3O \u00c9 UMA VERGONHA? &#8212; Carlos da Silva Mascarenhas carlos.consultic@gmail.com 73 8147-0607<\/p>\n","protected":false},"author":2,"featured_media":0,"comment_status":"open","ping_status":"open","sticky":false,"template":"","format":"standard","meta":{"_links_to":"","_links_to_target":""},"categories":[10],"tags":[],"_links":{"self":[{"href":"https:\/\/www.r2cpress.com.br\/v1\/wp-json\/wp\/v2\/posts\/21183"}],"collection":[{"href":"https:\/\/www.r2cpress.com.br\/v1\/wp-json\/wp\/v2\/posts"}],"about":[{"href":"https:\/\/www.r2cpress.com.br\/v1\/wp-json\/wp\/v2\/types\/post"}],"author":[{"embeddable":true,"href":"https:\/\/www.r2cpress.com.br\/v1\/wp-json\/wp\/v2\/users\/2"}],"replies":[{"embeddable":true,"href":"https:\/\/www.r2cpress.com.br\/v1\/wp-json\/wp\/v2\/comments?post=21183"}],"version-history":[{"count":3,"href":"https:\/\/www.r2cpress.com.br\/v1\/wp-json\/wp\/v2\/posts\/21183\/revisions"}],"predecessor-version":[{"id":21186,"href":"https:\/\/www.r2cpress.com.br\/v1\/wp-json\/wp\/v2\/posts\/21183\/revisions\/21186"}],"wp:attachment":[{"href":"https:\/\/www.r2cpress.com.br\/v1\/wp-json\/wp\/v2\/media?parent=21183"}],"wp:term":[{"taxonomy":"category","embeddable":true,"href":"https:\/\/www.r2cpress.com.br\/v1\/wp-json\/wp\/v2\/categories?post=21183"},{"taxonomy":"post_tag","embeddable":true,"href":"https:\/\/www.r2cpress.com.br\/v1\/wp-json\/wp\/v2\/tags?post=21183"}],"curies":[{"name":"wp","href":"https:\/\/api.w.org\/{rel}","templated":true}]}}