{"id":21244,"date":"2011-08-04T09:24:18","date_gmt":"2011-08-04T12:24:18","guid":{"rendered":"http:\/\/www.r2cpress.com.br\/v1\/?p=21244"},"modified":"2011-08-04T09:24:18","modified_gmt":"2011-08-04T12:24:18","slug":"ilheus-problema-de-saude-publica","status":"publish","type":"post","link":"https:\/\/www.r2cpress.com.br\/v1\/2011\/08\/04\/ilheus-problema-de-saude-publica\/","title":{"rendered":"ILH\u00c9US \/ Problema de Sa\u00fade P\u00fablica"},"content":{"rendered":"<p>CEMIT\u00c9RIO S\u00c3O JO\u00c3O BATISTA (PONTAL): PROBLEMA DE SA\u00daDE P\u00daBLICA<\/p>\n<p>Caro Rabat,<br \/>\n<center><a href=\"http:\/\/www.r2cpress.com.br\/v1\/wp-content\/uploads\/mont-capa-site63.jpg\"><img loading=\"lazy\" src=\"http:\/\/www.r2cpress.com.br\/v1\/wp-content\/uploads\/mont-capa-site63.jpg\" alt=\"\" title=\"mont capa site\" width=\"450\" height=\"942\" class=\"aligncenter size-full wp-image-21245\" srcset=\"https:\/\/www.r2cpress.com.br\/v1\/wp-content\/uploads\/mont-capa-site63.jpg 450w, https:\/\/www.r2cpress.com.br\/v1\/wp-content\/uploads\/mont-capa-site63-143x300.jpg 143w\" sizes=\"(max-width: 450px) 100vw, 450px\" \/><\/a><\/center><br \/>\nVinha eu passando de motocicleta, e quase levo uma &#8220;pazada&#8221; de entulho. E n\u00e3o foi qualquer entulho, mas entulho advindo do CEMIT\u00c9RIO S\u00c3O JO\u00c3O BATISTA (URBIS-PONTAL). Ora, n\u00e3o precisa ser doutor em sa\u00fade p\u00fablica pra saber que cemit\u00e9rios s\u00e3o locais contaminados. Afinal, quando morremos tamb\u00e9m somos transformados em carca\u00e7as, que sofrem decomposi\u00e7\u00e3o por a\u00e7\u00e3o de insetos, bact\u00e9rias, fungos e outros organismos sapr\u00f3fitas. Esse apodrecimento, vamos assim dizer, oferece uma grande variedade de organismos infecciosos e gera produtos potencialmente patog\u00eanicos a n\u00f3s, animais, que ainda estamos vivos aqui fora. E o solo arenoso encontrado naquela localidade agrava muito mais a situa\u00e7\u00e3o, por permitir maior permeabilidade deses compostos.<\/p>\n<p>De brinde, junto com as fotos do entulho f\u00fanebre, mandei tamb\u00e9m as do lix\u00e3o eterno que se acumula em frente, entre o dito cemit\u00e9rio e a central de &#8220;desabastecimento&#8221; da URBIS.<\/p>\n<p>Talvez isso aqui n\u00e3o resolva muita coisa, mas minha indigna\u00e7\u00e3o me faz tomar tal atitude. Mais um exemplo do completo descaso dos nossos governantes em rela\u00e7\u00e3o \u00e0 Sa\u00fade P\u00fablica.<\/p>\n<p>Desistir n\u00e3o vou nunca, amigo, mas: nem ACREDITO nem DUVIDO mais de nada desses governantes. Do vereador ao presidente, passando pelos cargos de confian\u00e7a e os chacais que os ocupam.<\/p>\n<p>Abra\u00e7o forte,<br \/>\nDunezeu<\/p>\n<p>&#8212;<br \/>\nDUNEZEU ALVES CAMPOS J\u00daNIOR, DSc.<br \/>\nM\u00e9dico Veterin\u00e1rio CRMV 1685-BA<br \/>\nEpidemiologia das Doen\u00e7as Parasit\u00e1rias<br \/>\nProfessor Adjunto B DCAA-UESC<\/p>\n","protected":false},"excerpt":{"rendered":"<p>CEMIT\u00c9RIO S\u00c3O JO\u00c3O BATISTA (PONTAL): PROBLEMA DE SA\u00daDE P\u00daBLICA Caro Rabat, Vinha eu passando de motocicleta, e quase levo uma &#8220;pazada&#8221; de entulho. E n\u00e3o foi qualquer entulho, mas entulho advindo do CEMIT\u00c9RIO S\u00c3O JO\u00c3O BATISTA (URBIS-PONTAL). Ora, n\u00e3o precisa ser doutor em sa\u00fade p\u00fablica pra saber que cemit\u00e9rios s\u00e3o locais contaminados. Afinal, quando morremos [&hellip;]<\/p>\n","protected":false},"author":2,"featured_media":0,"comment_status":"open","ping_status":"open","sticky":false,"template":"","format":"standard","meta":{"_links_to":"","_links_to_target":""},"categories":[10],"tags":[],"_links":{"self":[{"href":"https:\/\/www.r2cpress.com.br\/v1\/wp-json\/wp\/v2\/posts\/21244"}],"collection":[{"href":"https:\/\/www.r2cpress.com.br\/v1\/wp-json\/wp\/v2\/posts"}],"about":[{"href":"https:\/\/www.r2cpress.com.br\/v1\/wp-json\/wp\/v2\/types\/post"}],"author":[{"embeddable":true,"href":"https:\/\/www.r2cpress.com.br\/v1\/wp-json\/wp\/v2\/users\/2"}],"replies":[{"embeddable":true,"href":"https:\/\/www.r2cpress.com.br\/v1\/wp-json\/wp\/v2\/comments?post=21244"}],"version-history":[{"count":3,"href":"https:\/\/www.r2cpress.com.br\/v1\/wp-json\/wp\/v2\/posts\/21244\/revisions"}],"predecessor-version":[{"id":21248,"href":"https:\/\/www.r2cpress.com.br\/v1\/wp-json\/wp\/v2\/posts\/21244\/revisions\/21248"}],"wp:attachment":[{"href":"https:\/\/www.r2cpress.com.br\/v1\/wp-json\/wp\/v2\/media?parent=21244"}],"wp:term":[{"taxonomy":"category","embeddable":true,"href":"https:\/\/www.r2cpress.com.br\/v1\/wp-json\/wp\/v2\/categories?post=21244"},{"taxonomy":"post_tag","embeddable":true,"href":"https:\/\/www.r2cpress.com.br\/v1\/wp-json\/wp\/v2\/tags?post=21244"}],"curies":[{"name":"wp","href":"https:\/\/api.w.org\/{rel}","templated":true}]}}