{"id":21289,"date":"2011-08-04T12:24:53","date_gmt":"2011-08-04T15:24:53","guid":{"rendered":"http:\/\/www.r2cpress.com.br\/v1\/?p=21289"},"modified":"2011-08-04T12:24:53","modified_gmt":"2011-08-04T15:24:53","slug":"parabens-papai-do-ano-victor-badaro-08-de-agosto","status":"publish","type":"post","link":"https:\/\/www.r2cpress.com.br\/v1\/2011\/08\/04\/parabens-papai-do-ano-victor-badaro-08-de-agosto\/","title":{"rendered":"PARABENS PAPAI DO ANO VICTOR BADARO 08 DE AGOSTO"},"content":{"rendered":"<p>De: Ana Beatriz <anabeatriz @hotmail.com><br \/>\nAssunto: PARABENS PAPAI DO ANO VICTOR BADARO 08 DE AGOSTO<\/p>\n<p>Corpo da mensagem:<br \/>\nPapai, ainda n\u00e3o nasci, estou a caminho,<br \/>\nmas mesmo sem lhe conhecer, o amo, papai.<br \/>\nSerei sua filha, e terei orgulho de crescer ao seu lado.<\/p>\n<p>Sei que terei o melhor pai do mundo ao meu lado<br \/>\ne da mam\u00e3e, que carinhosamente me guarda<br \/>\nem seu ventre, para no momento que Deus planejou<br \/>\nme trazer a luz da vida e o lar que o senhor me acolher\u00e1.<\/p>\n<p>Hoje \u00e9 o dia dos pais, papai, quero lhe homenagear<br \/>\ne ao lado da mam\u00e3e, dizer o quanto amamos voc\u00ea,<br \/>\no quanto vai ser bom brevemente estar em seu colo<br \/>\ne ganhar sua prote\u00e7\u00e3o e afago.<\/p>\n<p>Parab\u00e9ns pai, por este dia maravilhoso<br \/>\nque \u00e9 o dia dos pais.<\/p>\n<p>Daqui de onde estou, s\u00f3 recebo amor e<br \/>\nbons sentimentos de voc\u00ea.<br \/>\nLhe agrade\u00e7o antecipadamente por toda<br \/>\nessa dedica\u00e7\u00e3o que j\u00e1 me oferta.<br \/>\nFique com Deus, at\u00e9 breve.<\/p>\n<p>Feliz dia dos pais,<br \/>\ncom carinho<\/p>\n<p>Sua filha.<\/p>\n<p>Ana Beatriz Badar\u00f3<\/p>\n<p>&#8212;<br \/>\nEsta mensagem foi enviada atrav\u00e9s do formul\u00e1rio de contato do site R2CPRESS | A Letra Fria da Verdade http:\/\/www.r2cpress.com.br\/v1<br \/>\n<\/anabeatriz><\/p>\n","protected":false},"excerpt":{"rendered":"<p>De: Ana Beatriz Assunto: PARABENS PAPAI DO ANO VICTOR BADARO 08 DE AGOSTO Corpo da mensagem: Papai, ainda n\u00e3o nasci, estou a caminho, mas mesmo sem lhe conhecer, o amo, papai. Serei sua filha, e terei orgulho de crescer ao seu lado. Sei que terei o melhor pai do mundo ao meu lado e da [&hellip;]<\/p>\n","protected":false},"author":2,"featured_media":0,"comment_status":"open","ping_status":"open","sticky":false,"template":"","format":"standard","meta":{"_links_to":"","_links_to_target":""},"categories":[10],"tags":[],"_links":{"self":[{"href":"https:\/\/www.r2cpress.com.br\/v1\/wp-json\/wp\/v2\/posts\/21289"}],"collection":[{"href":"https:\/\/www.r2cpress.com.br\/v1\/wp-json\/wp\/v2\/posts"}],"about":[{"href":"https:\/\/www.r2cpress.com.br\/v1\/wp-json\/wp\/v2\/types\/post"}],"author":[{"embeddable":true,"href":"https:\/\/www.r2cpress.com.br\/v1\/wp-json\/wp\/v2\/users\/2"}],"replies":[{"embeddable":true,"href":"https:\/\/www.r2cpress.com.br\/v1\/wp-json\/wp\/v2\/comments?post=21289"}],"version-history":[{"count":2,"href":"https:\/\/www.r2cpress.com.br\/v1\/wp-json\/wp\/v2\/posts\/21289\/revisions"}],"predecessor-version":[{"id":21291,"href":"https:\/\/www.r2cpress.com.br\/v1\/wp-json\/wp\/v2\/posts\/21289\/revisions\/21291"}],"wp:attachment":[{"href":"https:\/\/www.r2cpress.com.br\/v1\/wp-json\/wp\/v2\/media?parent=21289"}],"wp:term":[{"taxonomy":"category","embeddable":true,"href":"https:\/\/www.r2cpress.com.br\/v1\/wp-json\/wp\/v2\/categories?post=21289"},{"taxonomy":"post_tag","embeddable":true,"href":"https:\/\/www.r2cpress.com.br\/v1\/wp-json\/wp\/v2\/tags?post=21289"}],"curies":[{"name":"wp","href":"https:\/\/api.w.org\/{rel}","templated":true}]}}