{"id":21357,"date":"2011-08-05T09:04:06","date_gmt":"2011-08-05T12:04:06","guid":{"rendered":"http:\/\/www.r2cpress.com.br\/v1\/?p=21357"},"modified":"2011-08-05T09:04:06","modified_gmt":"2011-08-05T12:04:06","slug":"som-de-veiculos-incomodam","status":"publish","type":"post","link":"https:\/\/www.r2cpress.com.br\/v1\/2011\/08\/05\/som-de-veiculos-incomodam\/","title":{"rendered":"SOM DE VEICULOS INCOMODAM"},"content":{"rendered":"<p>De: regina <mima .moreira@hotmail.com><br \/>\nAssunto: SOM DE VEICULOS INCOMODAM<\/p>\n<p>Corpo da mensagem:<br \/>\nGostaria de saber das autoridades competentes deste Munic\u00edpo,se voltaram a permitir o SOM ALTO DOS VE\u00cdCULOS,que circulam nas ruas? Acredito que N\u00c3O!Pois sabemos que \u00e9 LEI a pro\u00edbi\u00e7\u00e3o. E por que continua acontecendo em nossa Cidade.<br \/>\nAgora mesmo, um carro de som as alturas est\u00e1 parado na Dois de Julho, e o INCOMPETENTE,E BURRO do motoristinha,n\u00e3o baixa o som.Para quem apelar? S\u00e3o 23:45 hs.<br \/>\nE eu quero silencio,preciso dormir. Ser\u00e1 que \u00e9 direito meu,ou n\u00e3o?<br \/>\nS\u00f3 em Ilh\u00e9us,acontece isso!!! Por que hem? Pelo amor de Deus!!! Desculpa Rabat meu desabafo, mais fico aborrecida com as coisas erradas que acontecem em nossa cidade, e n\u00e3o temos a quem apelar.<\/p>\n<p>&#8212;<br \/>\nEsta mensagem foi enviada atrav\u00e9s do formul\u00e1rio de contato do site R2CPRESS | A Letra Fria da Verdade http:\/\/www.r2cpress.com.br\/v1<br \/>\n<\/mima><\/p>\n","protected":false},"excerpt":{"rendered":"<p>De: regina Assunto: SOM DE VEICULOS INCOMODAM Corpo da mensagem: Gostaria de saber das autoridades competentes deste Munic\u00edpo,se voltaram a permitir o SOM ALTO DOS VE\u00cdCULOS,que circulam nas ruas? Acredito que N\u00c3O!Pois sabemos que \u00e9 LEI a pro\u00edbi\u00e7\u00e3o. E por que continua acontecendo em nossa Cidade. Agora mesmo, um carro de som as alturas est\u00e1 [&hellip;]<\/p>\n","protected":false},"author":2,"featured_media":0,"comment_status":"open","ping_status":"open","sticky":false,"template":"","format":"standard","meta":{"_links_to":"","_links_to_target":""},"categories":[10],"tags":[],"_links":{"self":[{"href":"https:\/\/www.r2cpress.com.br\/v1\/wp-json\/wp\/v2\/posts\/21357"}],"collection":[{"href":"https:\/\/www.r2cpress.com.br\/v1\/wp-json\/wp\/v2\/posts"}],"about":[{"href":"https:\/\/www.r2cpress.com.br\/v1\/wp-json\/wp\/v2\/types\/post"}],"author":[{"embeddable":true,"href":"https:\/\/www.r2cpress.com.br\/v1\/wp-json\/wp\/v2\/users\/2"}],"replies":[{"embeddable":true,"href":"https:\/\/www.r2cpress.com.br\/v1\/wp-json\/wp\/v2\/comments?post=21357"}],"version-history":[{"count":2,"href":"https:\/\/www.r2cpress.com.br\/v1\/wp-json\/wp\/v2\/posts\/21357\/revisions"}],"predecessor-version":[{"id":21359,"href":"https:\/\/www.r2cpress.com.br\/v1\/wp-json\/wp\/v2\/posts\/21357\/revisions\/21359"}],"wp:attachment":[{"href":"https:\/\/www.r2cpress.com.br\/v1\/wp-json\/wp\/v2\/media?parent=21357"}],"wp:term":[{"taxonomy":"category","embeddable":true,"href":"https:\/\/www.r2cpress.com.br\/v1\/wp-json\/wp\/v2\/categories?post=21357"},{"taxonomy":"post_tag","embeddable":true,"href":"https:\/\/www.r2cpress.com.br\/v1\/wp-json\/wp\/v2\/tags?post=21357"}],"curies":[{"name":"wp","href":"https:\/\/api.w.org\/{rel}","templated":true}]}}