{"id":21360,"date":"2011-08-05T09:06:51","date_gmt":"2011-08-05T12:06:51","guid":{"rendered":"http:\/\/www.r2cpress.com.br\/v1\/?p=21360"},"modified":"2011-08-05T09:06:51","modified_gmt":"2011-08-05T12:06:51","slug":"ceplac-falece-silvano-da-mata-virgem-tecnico-agricola-da-digeocepec","status":"publish","type":"post","link":"https:\/\/www.r2cpress.com.br\/v1\/2011\/08\/05\/ceplac-falece-silvano-da-mata-virgem-tecnico-agricola-da-digeocepec\/","title":{"rendered":"CEPLAC- FALECE SILVANO DA MATA VIRGEM &#8211; T\u00e9cnico Agr\u00edcola da Digeo\/Cepec"},"content":{"rendered":"<p>\u00c9 com pesar que comunicamos a todos os colegas da Ceplac, o falecimento nesta manh\u00e3 do colega aposentado o T\u00e9cnico Agr\u00edcola, Silvano da Mata Virgem.<\/p>\n<p>A informa\u00e7\u00e3o nos foi prestada pela colega Regina Alves atrav\u00e9 de e-mail, ao mesmo tempo, que informa ainda n\u00e3o saber o hor\u00e1rio do sepultamento. Mas, assim que soubermos comunicaremos a todos.<\/p>\n<p>Silvano, trabalhou no Escrit\u00f3rio da Ceplac em Buerarema, depois no Escrit\u00f3rio de Itaju\u00edpe e finalmente no Laborat\u00f3rio da Divis\u00e3o de Geoci\u00eancias do Cepec, e devido a s\u00e9rios problemas de sa\u00fade se aposentou por invalidez.<\/p>\n<p>Depois de aposentado aderiu ao Coral da Ceplac, onde encontrava paz e serenidade para amenizar o seu sofrimento.<\/p>\n<p>A dire\u00e7\u00e3o da ATEFFA, neste momento de dor, clama pelo seu descanso na  Gl\u00f3ria Eterna, e que seus familiares encontre um conforto pela perda, do nosso colega da Digeo.<\/p>\n<p><strong>Ascom-Rezende<\/strong><\/p>\n","protected":false},"excerpt":{"rendered":"<p>\u00c9 com pesar que comunicamos a todos os colegas da Ceplac, o falecimento nesta manh\u00e3 do colega aposentado o T\u00e9cnico Agr\u00edcola, Silvano da Mata Virgem. A informa\u00e7\u00e3o nos foi prestada pela colega Regina Alves atrav\u00e9 de e-mail, ao mesmo tempo, que informa ainda n\u00e3o saber o hor\u00e1rio do sepultamento. Mas, assim que soubermos comunicaremos a [&hellip;]<\/p>\n","protected":false},"author":2,"featured_media":0,"comment_status":"open","ping_status":"open","sticky":false,"template":"","format":"standard","meta":{"_links_to":"","_links_to_target":""},"categories":[10],"tags":[],"_links":{"self":[{"href":"https:\/\/www.r2cpress.com.br\/v1\/wp-json\/wp\/v2\/posts\/21360"}],"collection":[{"href":"https:\/\/www.r2cpress.com.br\/v1\/wp-json\/wp\/v2\/posts"}],"about":[{"href":"https:\/\/www.r2cpress.com.br\/v1\/wp-json\/wp\/v2\/types\/post"}],"author":[{"embeddable":true,"href":"https:\/\/www.r2cpress.com.br\/v1\/wp-json\/wp\/v2\/users\/2"}],"replies":[{"embeddable":true,"href":"https:\/\/www.r2cpress.com.br\/v1\/wp-json\/wp\/v2\/comments?post=21360"}],"version-history":[{"count":2,"href":"https:\/\/www.r2cpress.com.br\/v1\/wp-json\/wp\/v2\/posts\/21360\/revisions"}],"predecessor-version":[{"id":21362,"href":"https:\/\/www.r2cpress.com.br\/v1\/wp-json\/wp\/v2\/posts\/21360\/revisions\/21362"}],"wp:attachment":[{"href":"https:\/\/www.r2cpress.com.br\/v1\/wp-json\/wp\/v2\/media?parent=21360"}],"wp:term":[{"taxonomy":"category","embeddable":true,"href":"https:\/\/www.r2cpress.com.br\/v1\/wp-json\/wp\/v2\/categories?post=21360"},{"taxonomy":"post_tag","embeddable":true,"href":"https:\/\/www.r2cpress.com.br\/v1\/wp-json\/wp\/v2\/tags?post=21360"}],"curies":[{"name":"wp","href":"https:\/\/api.w.org\/{rel}","templated":true}]}}