{"id":21558,"date":"2011-08-09T09:22:34","date_gmt":"2011-08-09T12:22:34","guid":{"rendered":"http:\/\/www.r2cpress.com.br\/v1\/?p=21558"},"modified":"2011-08-09T09:22:34","modified_gmt":"2011-08-09T12:22:34","slug":"andre-e-thiago-do-prado-sao-campeoes-do-panamericano","status":"publish","type":"post","link":"https:\/\/www.r2cpress.com.br\/v1\/2011\/08\/09\/andre-e-thiago-do-prado-sao-campeoes-do-panamericano\/","title":{"rendered":"Andr\u00e9 e Thiago do Prado s\u00e3o campe\u00f5es do PanAmericano"},"content":{"rendered":"<p><a href=\"http:\/\/www.r2cpress.com.br\/v1\/wp-content\/uploads\/caratecas.jpg\"><img loading=\"lazy\" src=\"http:\/\/www.r2cpress.com.br\/v1\/wp-content\/uploads\/caratecas.jpg\" alt=\"\" title=\"caratecas\" width=\"250\" height=\"188\" class=\"alignright size-full wp-image-21559\" \/><\/a><strong>EUN\u00c1POLIS<\/strong> &#8211; Provando que est\u00e3o realmente entre os melhores do mundo, os atletas do carat\u00ea de Eun\u00e1polis Andr\u00e9 e Thiago do Prado sagraram-se campe\u00f5es do III Campeonato PanAmericano da categoria, disputado entre os dias 3 a 7 deste m\u00eas, no Gin\u00e1sio do Ibirapuera, em S\u00e3o Paulo, Foram quatro dias de disputa, reunindo 14 pa\u00edses, representados por mil atletas e cerca de 3 mil pessoas.<\/p>\n<p>Os her\u00f3is eunapolitanos ser\u00e3o recebidos nesta ter\u00e7a feira (9), com direito, inclusive, a desfile em carro aberto pelas ruas da cidade, juntamente com os demais representantes e as autoridades.<\/p>\n<p>O carat\u00ea \u00e9 uma das modalidades esportivas que mais se destacam em Eun\u00e1polis, j\u00e1 tendo, inclusive, representado o munic\u00edpio internaciionalmente.<\/p>\n<p>&#8212;<br \/>\nPor Evandro Lima<br \/>\nNo <a href = \"http:\/\/www.radar64.com\/ler.php?doc=10989&#038;origem=newsletter\" target = \"_news\"><b>RADAR64<\/b><\/a><\/p>\n","protected":false},"excerpt":{"rendered":"<p>EUN\u00c1POLIS &#8211; Provando que est\u00e3o realmente entre os melhores do mundo, os atletas do carat\u00ea de Eun\u00e1polis Andr\u00e9 e Thiago do Prado sagraram-se campe\u00f5es do III Campeonato PanAmericano da categoria, disputado entre os dias 3 a 7 deste m\u00eas, no Gin\u00e1sio do Ibirapuera, em S\u00e3o Paulo, Foram quatro dias de disputa, reunindo 14 pa\u00edses, representados [&hellip;]<\/p>\n","protected":false},"author":2,"featured_media":0,"comment_status":"open","ping_status":"open","sticky":false,"template":"","format":"standard","meta":{"_links_to":"","_links_to_target":""},"categories":[11],"tags":[],"_links":{"self":[{"href":"https:\/\/www.r2cpress.com.br\/v1\/wp-json\/wp\/v2\/posts\/21558"}],"collection":[{"href":"https:\/\/www.r2cpress.com.br\/v1\/wp-json\/wp\/v2\/posts"}],"about":[{"href":"https:\/\/www.r2cpress.com.br\/v1\/wp-json\/wp\/v2\/types\/post"}],"author":[{"embeddable":true,"href":"https:\/\/www.r2cpress.com.br\/v1\/wp-json\/wp\/v2\/users\/2"}],"replies":[{"embeddable":true,"href":"https:\/\/www.r2cpress.com.br\/v1\/wp-json\/wp\/v2\/comments?post=21558"}],"version-history":[{"count":2,"href":"https:\/\/www.r2cpress.com.br\/v1\/wp-json\/wp\/v2\/posts\/21558\/revisions"}],"predecessor-version":[{"id":21561,"href":"https:\/\/www.r2cpress.com.br\/v1\/wp-json\/wp\/v2\/posts\/21558\/revisions\/21561"}],"wp:attachment":[{"href":"https:\/\/www.r2cpress.com.br\/v1\/wp-json\/wp\/v2\/media?parent=21558"}],"wp:term":[{"taxonomy":"category","embeddable":true,"href":"https:\/\/www.r2cpress.com.br\/v1\/wp-json\/wp\/v2\/categories?post=21558"},{"taxonomy":"post_tag","embeddable":true,"href":"https:\/\/www.r2cpress.com.br\/v1\/wp-json\/wp\/v2\/tags?post=21558"}],"curies":[{"name":"wp","href":"https:\/\/api.w.org\/{rel}","templated":true}]}}