{"id":21572,"date":"2011-08-09T11:46:53","date_gmt":"2011-08-09T14:46:53","guid":{"rendered":"http:\/\/www.r2cpress.com.br\/v1\/?p=21572"},"modified":"2011-08-09T11:46:53","modified_gmt":"2011-08-09T14:46:53","slug":"nota-a-imprensa-2","status":"publish","type":"post","link":"https:\/\/www.r2cpress.com.br\/v1\/2011\/08\/09\/nota-a-imprensa-2\/","title":{"rendered":"NOTA \u00c0 IMPRENSA"},"content":{"rendered":"<p style=\"text-align: center;\"><img loading=\"lazy\" src=\"http:\/\/mail.globo.com\/mail\/?ui=2&amp;ik=4b218c2d2f&amp;view=att&amp;th=131aee00400c3028&amp;attid=0.1&amp;disp=emb&amp;zw\" alt=\"cid:image001.png@01CB115E.18A8E130\" width=\"118\" height=\"105\" \/><br \/>\nAssessoria de Imprensa Associa\u00e7\u00e3o Brasileira de Emissoras<br \/>\nde R\u00e1dio e TV &#8211; Abert<\/p>\n<p>A Associa\u00e7\u00e3o Brasileira de Emissoras de R\u00e1dio e Televis\u00e3o considera um retrocesso a cria\u00e7\u00e3o do Conselho Estadual de Comunica\u00e7\u00e3o Social, aprovada na \u00faltima quarta-feira pela Assembleia Legislativa da Bahia.<\/p>\n<p>A proposta de iniciativa do Poder Executivo do Estado permitir\u00e1 a este conselho exercer fun\u00e7\u00f5es de fiscaliza\u00e7\u00e3o sobre a atividade de jornalistas e ve\u00edculos de comunica\u00e7\u00e3o, em profundo desrespeito \u00e0 Constitui\u00e7\u00e3o brasileira.<\/p>\n<p>O mesmo texto constitucional que assegura a liberdade de express\u00e3o e de imprensa, de manifesta\u00e7\u00e3o do pensamento e de opini\u00e3o, j\u00e1 prev\u00ea a exist\u00eancia do Conselho de Comunica\u00e7\u00e3o Social do Congresso Nacional, que precisa retomar suas atividades.<\/p>\n<p>Este sim \u00e9 o espa\u00e7o leg\u00edtimo e legal destinado a discutir os principais temas do mundo da comunica\u00e7\u00e3o, com ampla representa\u00e7\u00e3o da sociedade.<\/p>\n<p>Ao contr\u00e1rio, conselhos estaduais criados para controlar a atividade jornal\u00edstica e interferir na iniciativa privada apenas enfraquecem a democracia que constru\u00edmos neste pa\u00eds.<\/p>\n<p><center><strong>Emanuel Soares Carneiro<br \/>\nPresidente da ABERT<\/strong><\/center><\/p>\n","protected":false},"excerpt":{"rendered":"<p>Assessoria de Imprensa Associa\u00e7\u00e3o Brasileira de Emissoras de R\u00e1dio e TV &#8211; Abert A Associa\u00e7\u00e3o Brasileira de Emissoras de R\u00e1dio e Televis\u00e3o considera um retrocesso a cria\u00e7\u00e3o do Conselho Estadual de Comunica\u00e7\u00e3o Social, aprovada na \u00faltima quarta-feira pela Assembleia Legislativa da Bahia. A proposta de iniciativa do Poder Executivo do Estado permitir\u00e1 a este conselho [&hellip;]<\/p>\n","protected":false},"author":2,"featured_media":0,"comment_status":"open","ping_status":"open","sticky":false,"template":"","format":"standard","meta":{"_links_to":"","_links_to_target":""},"categories":[18],"tags":[],"_links":{"self":[{"href":"https:\/\/www.r2cpress.com.br\/v1\/wp-json\/wp\/v2\/posts\/21572"}],"collection":[{"href":"https:\/\/www.r2cpress.com.br\/v1\/wp-json\/wp\/v2\/posts"}],"about":[{"href":"https:\/\/www.r2cpress.com.br\/v1\/wp-json\/wp\/v2\/types\/post"}],"author":[{"embeddable":true,"href":"https:\/\/www.r2cpress.com.br\/v1\/wp-json\/wp\/v2\/users\/2"}],"replies":[{"embeddable":true,"href":"https:\/\/www.r2cpress.com.br\/v1\/wp-json\/wp\/v2\/comments?post=21572"}],"version-history":[{"count":3,"href":"https:\/\/www.r2cpress.com.br\/v1\/wp-json\/wp\/v2\/posts\/21572\/revisions"}],"predecessor-version":[{"id":21575,"href":"https:\/\/www.r2cpress.com.br\/v1\/wp-json\/wp\/v2\/posts\/21572\/revisions\/21575"}],"wp:attachment":[{"href":"https:\/\/www.r2cpress.com.br\/v1\/wp-json\/wp\/v2\/media?parent=21572"}],"wp:term":[{"taxonomy":"category","embeddable":true,"href":"https:\/\/www.r2cpress.com.br\/v1\/wp-json\/wp\/v2\/categories?post=21572"},{"taxonomy":"post_tag","embeddable":true,"href":"https:\/\/www.r2cpress.com.br\/v1\/wp-json\/wp\/v2\/tags?post=21572"}],"curies":[{"name":"wp","href":"https:\/\/api.w.org\/{rel}","templated":true}]}}