{"id":21601,"date":"2011-08-09T14:05:37","date_gmt":"2011-08-09T17:05:37","guid":{"rendered":"http:\/\/www.r2cpress.com.br\/v1\/?p=21601"},"modified":"2011-08-09T14:05:37","modified_gmt":"2011-08-09T17:05:37","slug":"presidente-dilma-aposta-na-inovacao-e-lanca-o-plano-brasil-maior","status":"publish","type":"post","link":"https:\/\/www.r2cpress.com.br\/v1\/2011\/08\/09\/presidente-dilma-aposta-na-inovacao-e-lanca-o-plano-brasil-maior\/","title":{"rendered":"PRESIDENTE DILMA APOSTA NA INOVA\u00c7\u00c3O E LAN\u00c7A O PLANO BRASIL MAIOR"},"content":{"rendered":"<p>Com o slogan \u201cINOVAR PARA COMPETIR. COMPETIR PARA CRESCER.\u201d, a Presidente Dilma lan\u00e7ou no dia 02.08.2011 em Bras\u00edlia, o PLANO BRASIL MAIOR, que define uma nova pol\u00edtica industrial, tecnol\u00f3gica e de comercio exterior para o nosso pa\u00eds, com previs\u00e3o de um pacote de incentivos da ordem de R$ 25 bilh\u00f5es.<\/p>\n<p>O Plano que contempla o per\u00edodo de 2011 a 2014 prev\u00ea uma serie de medidas, e entre as quais se destacam:<\/p>\n<p>&#8211; desonera\u00e7\u00e3o dos investimentos e das exporta\u00e7\u00f5es;<\/p>\n<p>&#8211; amplia\u00e7\u00e3o e simplifica\u00e7\u00e3o do financiamento ao investimento e \u00e0s exporta\u00e7\u00f5es;<\/p>\n<p>&#8211; aumento de recursos para inova\u00e7\u00e3o;<\/p>\n<p>&#8211; aperfei\u00e7oamento do marco regulat\u00f3rio da inova\u00e7\u00e3o;<\/p>\n<p>&#8211; est\u00edmulos ao crescimento de pequenos e microneg\u00f3cios;<\/p>\n<p>&#8211; fortalecimento da defesa comercial;<\/p>\n<p>&#8211; cria\u00e7\u00e3o de regimes especiais para agrega\u00e7\u00e3o de valor e de tecnologia nas cadeias produtivas; e<\/p>\n<p>&#8211; regulamenta\u00e7\u00e3o da lei de compras governamentais para estimular a produ\u00e7\u00e3o e a inova\u00e7\u00e3o no pais.<\/p>\n<p>Considerando ser a INOVA\u00c7\u00c3O uma das linhas mestras do Plano, vale aqui explicitarmos o seu conceito, que de acordo com o Manual de OSLO<em> \u00e9 a implementa\u00e7\u00e3o de um produto (bem ou servi\u00e7o) novo ou significativamente melhorado, ou um processo, ou um novo m\u00e9todo de marketing, ou um novo m\u00e9todo organizacional nas pr\u00e1ticas de neg\u00f3cios, na organiza\u00e7\u00e3o do local de trabalho ou nas rela\u00e7\u00f5es externas.<\/em><\/p>\n<p>Quem quiser conhecer maiores detalhes sobre o PLANO BRASIL MAIOR e inclusive baixar uma Cartilha sobre o assunto, deve acessar: \u00a0<a href=\"http:\/\/www.brasilmaior.mdic.gov.br\/\">http:\/\/www.brasilmaior.mdic.gov.br\/<\/a> .<\/p>\n<p>&nbsp;<\/p>\n<p>&#8212;<\/p>\n<p>Carlos da Silva Mascarenhas<\/p>\n<p>carlos.consultic@gmail.com \u00a0\u00a0\u00a0\u00a0\u00a0\u00a0\u00a0\u00a0\u00a0\u00a0&#8211;<\/p>\n","protected":false},"excerpt":{"rendered":"<p>Com o slogan \u201cINOVAR PARA COMPETIR. COMPETIR PARA CRESCER.\u201d, a Presidente Dilma lan\u00e7ou no dia 02.08.2011 em Bras\u00edlia, o PLANO BRASIL MAIOR, que define uma nova pol\u00edtica industrial, tecnol\u00f3gica e de comercio exterior para o nosso pa\u00eds, com previs\u00e3o de um pacote de incentivos da ordem de R$ 25 bilh\u00f5es. O Plano que contempla o [&hellip;]<\/p>\n","protected":false},"author":2,"featured_media":0,"comment_status":"open","ping_status":"open","sticky":false,"template":"","format":"standard","meta":{"_links_to":"","_links_to_target":""},"categories":[10],"tags":[],"_links":{"self":[{"href":"https:\/\/www.r2cpress.com.br\/v1\/wp-json\/wp\/v2\/posts\/21601"}],"collection":[{"href":"https:\/\/www.r2cpress.com.br\/v1\/wp-json\/wp\/v2\/posts"}],"about":[{"href":"https:\/\/www.r2cpress.com.br\/v1\/wp-json\/wp\/v2\/types\/post"}],"author":[{"embeddable":true,"href":"https:\/\/www.r2cpress.com.br\/v1\/wp-json\/wp\/v2\/users\/2"}],"replies":[{"embeddable":true,"href":"https:\/\/www.r2cpress.com.br\/v1\/wp-json\/wp\/v2\/comments?post=21601"}],"version-history":[{"count":3,"href":"https:\/\/www.r2cpress.com.br\/v1\/wp-json\/wp\/v2\/posts\/21601\/revisions"}],"predecessor-version":[{"id":21604,"href":"https:\/\/www.r2cpress.com.br\/v1\/wp-json\/wp\/v2\/posts\/21601\/revisions\/21604"}],"wp:attachment":[{"href":"https:\/\/www.r2cpress.com.br\/v1\/wp-json\/wp\/v2\/media?parent=21601"}],"wp:term":[{"taxonomy":"category","embeddable":true,"href":"https:\/\/www.r2cpress.com.br\/v1\/wp-json\/wp\/v2\/categories?post=21601"},{"taxonomy":"post_tag","embeddable":true,"href":"https:\/\/www.r2cpress.com.br\/v1\/wp-json\/wp\/v2\/tags?post=21601"}],"curies":[{"name":"wp","href":"https:\/\/api.w.org\/{rel}","templated":true}]}}