{"id":21605,"date":"2011-08-09T14:42:24","date_gmt":"2011-08-09T17:42:24","guid":{"rendered":"http:\/\/www.r2cpress.com.br\/v1\/?p=21605"},"modified":"2011-08-09T14:42:24","modified_gmt":"2011-08-09T17:42:24","slug":"ilheus-comemora-99%c2%ba-aniversario-de-jorge-com-programacao-diversificada","status":"publish","type":"post","link":"https:\/\/www.r2cpress.com.br\/v1\/2011\/08\/09\/ilheus-comemora-99%c2%ba-aniversario-de-jorge-com-programacao-diversificada\/","title":{"rendered":"Ilh\u00e9us comemora 99\u00ba anivers\u00e1rio de Jorge com programa\u00e7\u00e3o diversificada"},"content":{"rendered":"<p>Ilh\u00e9us comemora 99\u00ba anivers\u00e1rio de Jorge com programa\u00e7\u00e3o diversificada<\/p>\n<p>Ilh\u00e9us comemora nesta quarta-feira (10) o 99\u00ba anivers\u00e1rio de Jorge Amado, caso estivesse vivo, e d\u00e1 o primeiro passo rumo \u00e0s comemora\u00e7\u00f5es alusivas ao centen\u00e1rio do escritor. A programa\u00e7\u00e3o de eventos integra o Projeto 99+1, idealizado pela Prefeitura de Ilh\u00e9us, por interm\u00e9dio da Funda\u00e7\u00e3o Cultural e ser\u00e1 iniciada \u00e0s 7 horas, com alvorada de fogos; seguida de culto ecum\u00eanico, \u00e0s 7h30min, na pra\u00e7a Dom Eduardo. A celebra\u00e7\u00e3o religiosa contar\u00e1 com a participa\u00e7\u00e3o de representantes do catolicismo, protestantismo, espiritismo e do candombl\u00e9. Al\u00e9m de autoridades da regi\u00e3o e convidados, familiares do escritor Jorge Amado tamb\u00e9m est\u00e3o sendo aguardados para a solenidade.<\/p>\n<p><!--more--><\/p>\n<p>\u00c0s 8h30min ser\u00e1 realizado o Caf\u00e9 Cultural no Bar Ves\u00favio e, em seguida, o Teatro Municipal de Ilh\u00e9us sedia o 9\u00ba Encontro Regional do Proler, que este ano traz o tema \u201cA narrativa de Jorge e a representa\u00e7\u00e3o do Amado Sul-baiano\u201d e visa discutir e refletir sobre a rela\u00e7\u00e3o da obra amadiana com o Sul da Bahia. Durante todo o dia, estudantes e professores realizam visitas guiadas \u00e0 Casa de Cultura Jorge Amado, enquanto que no Centro de Conven\u00e7\u00f5es ser\u00e3o realizados 10 minicursos do 9\u00ba encontro Regional do Proler, com \u00eanfase nas \u00e1reas de ilustra\u00e7\u00e3o, literatura, gastronomia, cultura e turismo, das 14 \u00e0s 18 horas. <\/p>\n<p>No dia 11, a Funda\u00e7\u00e3o Cultural d\u00e1 in\u00edcio oficial aos preparativos rumo ao centen\u00e1rio do escritor e o segundo dia de encontro do Proler, segue no Centro de Conven\u00e7\u00f5es, com a performance de dan\u00e7a \u201cAs mulheres de Jorge\u201d; a confer\u00eancia \u201cO imagin\u00e1rio do cacau na literatura sul-baiana: da produ\u00e7\u00e3o ficcional ao consumo\u201d; lan\u00e7amento do concurso L\u00e1pis na M\u00e3o, iniciativa da TV Santa Cruz, em parceria com o Proler e a Uesc. Tamb\u00e9m est\u00e3o previstos a apresenta\u00e7\u00e3o de projetos de leitura desenvolvidos pelas escolas e empresas da regi\u00e3o, oficinas e recital. Ainda como parte da programa\u00e7\u00e3o do projeto, o Teatro Municipal de Ilh\u00e9us sedia entre os dias 11 e 14 deste m\u00eas o espet\u00e1culo \u201cDona Flor e Seus Dois Maridos\u201d, baseado na obra de Jorge Amado.<\/p>\n<p>Fruto de uma s\u00e9rie de reuni\u00f5es e encontros iniciados h\u00e1 cerca de um ano e meio entre a Funda\u00e7\u00e3o Cultural e Universidade Estadual de Santa Cruz, o projeto 99+1 visa comemorar os 99 anos de vida do escritor e abrir, oficialmente, em Ilh\u00e9us, o centen\u00e1rio do autor \u201cque ajudou a projetar internacionalmente a imagem da nossa cidade\u201d. Al\u00e9m de divulgar as obras de Amado de maneira interdisciplinar, \u201co projeto tem ainda a inten\u00e7\u00e3o de deixar um legado para as pr\u00f3ximas gera\u00e7\u00f5es\u201d, explicou o presidente da Funda\u00e7\u00e3o Cultural, Maur\u00edcio Corso. <\/p>\n<p>O projeto 99+1 conta com apoio das secretarias estadual de Cultura e de Turismo, Bahiatursa, secretarias municipais da Educa\u00e7\u00e3o e do Turismo, TV Santa Cruz, Academia de Letras de Ilh\u00e9us, Bar Ves\u00favio, Proler e Infraero. <\/p>\n","protected":false},"excerpt":{"rendered":"<p>Ilh\u00e9us comemora 99\u00ba anivers\u00e1rio de Jorge com programa\u00e7\u00e3o diversificada Ilh\u00e9us comemora nesta quarta-feira (10) o 99\u00ba anivers\u00e1rio de Jorge Amado, caso estivesse vivo, e d\u00e1 o primeiro passo rumo \u00e0s comemora\u00e7\u00f5es alusivas ao centen\u00e1rio do escritor. A programa\u00e7\u00e3o de eventos integra o Projeto 99+1, idealizado pela Prefeitura de Ilh\u00e9us, por interm\u00e9dio da Funda\u00e7\u00e3o Cultural e [&hellip;]<\/p>\n","protected":false},"author":2,"featured_media":0,"comment_status":"open","ping_status":"open","sticky":false,"template":"","format":"standard","meta":{"_links_to":"","_links_to_target":""},"categories":[23],"tags":[],"_links":{"self":[{"href":"https:\/\/www.r2cpress.com.br\/v1\/wp-json\/wp\/v2\/posts\/21605"}],"collection":[{"href":"https:\/\/www.r2cpress.com.br\/v1\/wp-json\/wp\/v2\/posts"}],"about":[{"href":"https:\/\/www.r2cpress.com.br\/v1\/wp-json\/wp\/v2\/types\/post"}],"author":[{"embeddable":true,"href":"https:\/\/www.r2cpress.com.br\/v1\/wp-json\/wp\/v2\/users\/2"}],"replies":[{"embeddable":true,"href":"https:\/\/www.r2cpress.com.br\/v1\/wp-json\/wp\/v2\/comments?post=21605"}],"version-history":[{"count":2,"href":"https:\/\/www.r2cpress.com.br\/v1\/wp-json\/wp\/v2\/posts\/21605\/revisions"}],"predecessor-version":[{"id":21607,"href":"https:\/\/www.r2cpress.com.br\/v1\/wp-json\/wp\/v2\/posts\/21605\/revisions\/21607"}],"wp:attachment":[{"href":"https:\/\/www.r2cpress.com.br\/v1\/wp-json\/wp\/v2\/media?parent=21605"}],"wp:term":[{"taxonomy":"category","embeddable":true,"href":"https:\/\/www.r2cpress.com.br\/v1\/wp-json\/wp\/v2\/categories?post=21605"},{"taxonomy":"post_tag","embeddable":true,"href":"https:\/\/www.r2cpress.com.br\/v1\/wp-json\/wp\/v2\/tags?post=21605"}],"curies":[{"name":"wp","href":"https:\/\/api.w.org\/{rel}","templated":true}]}}