{"id":21608,"date":"2011-08-09T15:52:43","date_gmt":"2011-08-09T18:52:43","guid":{"rendered":"http:\/\/www.r2cpress.com.br\/v1\/?p=21608"},"modified":"2011-08-09T15:52:43","modified_gmt":"2011-08-09T18:52:43","slug":"a-importancia-da-familia-na-sociedade-e-na-igreja","status":"publish","type":"post","link":"https:\/\/www.r2cpress.com.br\/v1\/2011\/08\/09\/a-importancia-da-familia-na-sociedade-e-na-igreja\/","title":{"rendered":"A IMPORT\u00c2NCIA DA FAMILIA  NA SOCIEDADE E NA IGREJA"},"content":{"rendered":"<p><div style=\"width: 246px\" class=\"wp-caption alignleft\"><img loading=\"lazy\" title=\"Dom Mauro Montagnoli \/ Bispo diocesano de Ilh\u00e9us\" src=\"http:\/\/www.r2cpress.com.br\/v1\/wp-content\/uploads\/dom-Mauro_2261.jpg\" alt=\"Dom Mauro Montagnoli \/ Bispo diocesano de Ilh\u00e9us\" width=\"236\" height=\"255\" \/><p class=\"wp-caption-text\">Dom Mauro Montagnoli \/ Bispo diocesano de Ilh\u00e9us<\/p><\/div>A fam\u00edlia sofre com as amplas, profundas e r\u00e1pidas transforma\u00e7\u00f5es da sociedade e da cultura.  Sabemos que muitas fam\u00edlias permanecem fi\u00e9is aos valores fundamentais da institui\u00e7\u00e3o familiar. Outras est\u00e3o meio perdidas frente a seus deveres, duvidosas e quase esquecidas do significado \u00faltimo e da verdade da vida conjugal e familiar. Outras, infelizmente, est\u00e3o impedidas por variadas situa\u00e7\u00f5es de injusti\u00e7a de realizarem os seus direitos fundamentais.<\/p>\n<p>Consciente de que o matrim\u00f4nio e a fam\u00edlia constituem um dos bens mais preciosos da humanidade, a Igreja Cat\u00f3lica oferece sua ajuda sustentando os que permanecem fi\u00e9is, iluminando os indecisos e ajudando os que est\u00e3o impedidos.<\/p>\n<p>A Confer\u00eancia de Aparecida assinalou que a promo\u00e7\u00e3o da fam\u00edlia \u00e9 uma das prioridades na miss\u00e3o evangelizadora da Igreja na Am\u00e9rica Latina. Destaca o conceito de que a fam\u00edlia deve ser \u201cum dos eixos transversais de toda a\u00e7\u00e3o evangelizadora da Igreja\u201d.  Temos que deixar de considerar a fam\u00edlia como um objetivo da a\u00e7\u00e3o pastoral e come\u00e7ar a v\u00ea-la como agente da a\u00e7\u00e3o evangelizadora da Igreja.<\/p>\n<p>A fam\u00edlia \u00e9 um dom cuja vig\u00eancia enriquece a realidade do continente. E mais: \u201ca fam\u00edlia \u00e9 o valor mais querido por nossos povos\u201d. <\/p>\n<p><!--more--><\/p>\n<p>Como n\u00e3o alegrar-se ao descobrir que a Boa Nova de Jesus tem uma concre\u00e7\u00e3o particular na fam\u00edlia! Os bispos latino-americanos falam da \u2018Boa-Nova da fam\u00edlia\u2019. A fam\u00edlia \u00e9 \u201cum dos tesouros mais importantes dos povos latino-americanos e caribenhos\u201d. <\/p>\n<p>O Documento de Aparecida ressaltou que a fam\u00edlia, respondendo a seu ser e \u00e0 sua miss\u00e3o, \u00e9 um poderoso instrumento de transforma\u00e7\u00e3o social e eclesi\u00e1stica. <\/p>\n<p>O valor do sacramento do matrim\u00f4nio entre um homem e uma mulher est\u00e1 na base da fam\u00edlia. A uni\u00e3o entre um homem e uma mulher \u00e9 sinal do amor de Deus pela humanidade e da entrega de Cristo por sua esposa, a Igreja.  <\/p>\n<p>A origem da realidade familiar que est\u00e1 na mesma Trindade. \u201cA fam\u00edlia \u00e9 imagem de Deus que em seu mist\u00e9rio mais \u00edntimo n\u00e3o \u00e9 uma solid\u00e3o, mas uma fam\u00edlia\u201d, Pai, Filho e Esp\u00edrito Santo. \u201cNa comunh\u00e3o de amor das Tr\u00eas Pessoas divinas, nossas fam\u00edlias t\u00eam sua origem, seu modelo perfeito, sua motiva\u00e7\u00e3o mais bela e seu \u00faltimo destino\u201d.<\/p>\n<p>O Documento de Aparecida faz uma chamada de aten\u00e7\u00e3o contundente sobre a defesa p\u00fablica dos valores mais \u00edntimos da fam\u00edlia, conclamando de modo en\u00e9rgico os legisladores, governantes e profissionais da sa\u00fade a defende-la e proteg\u00ea-la dos crimes que s\u00e3o cometidos contra ela. <\/p>\n<p>As Diretrizes Gerais da A\u00e7\u00e3o Evangelizadora da Igreja no Brasil, edi\u00e7\u00e3o 2008-2010, especificam as a\u00e7\u00f5es concretas  para a nossa realidade brasileira.<\/p>\n<p>A fam\u00edlia \u00e9 lugar e escola de comunh\u00e3o, pequena Igreja dom\u00e9stica e primeiro local para a inicia\u00e7\u00e3o crist\u00e3 das crian\u00e7as. <\/p>\n<p>\u00c9 preciso ver a beleza do amor humano vivido como dom sincero de si para o bem do outro. A fam\u00edlia deve ser reconhecida e vivida n\u00e3o somente como lugar de sacrif\u00edcio, mas de realiza\u00e7\u00e3o humana.<\/p>\n<p>Os pais s\u00e3o os primeiros catequistas. A viv\u00eancia da espiritualidade conjugal e familiar se d\u00e1 pela ora\u00e7\u00e3o em fam\u00edlia, na participa\u00e7\u00e3o dominical da missa da fam\u00edlia inteira e na dedica\u00e7\u00e3o aos servi\u00e7os pastorais da comunidade. <\/p>\n<p>Transforma\u00e7\u00f5es profundas afetaram o jeito de ser fam\u00edlia, sua compreens\u00e3o e valoriza\u00e7\u00e3o. Existe a imposi\u00e7\u00e3o de uma mentalidade anti-vida. Diminuem os nascimentos e as voca\u00e7\u00f5es. A sociedade brasileira envelhece rapidamente. A viol\u00eancia elimina de modo especial e em maior n\u00famero, os jovens. <\/p>\n<p>Faz-se necess\u00e1ria uma profunda e s\u00e9ria prepara\u00e7\u00e3o ao matrim\u00f4nio. <\/p>\n<p>Casais em segunda-uni\u00e3o e seus filhos sejam acolhidos, acompanhados e incentivados a participar da vida da Igreja. <\/p>\n<p>E preciso cobrar pol\u00edticas p\u00fablicas em prol da fam\u00edlia, de modo especial, deve-se tomar iniciativas de solidariedade em rela\u00e7\u00e3o a pessoas, fam\u00edlias e grupos atingidos pela mis\u00e9ria, fome e tantas formas de sofrimento. <\/p>\n<p>Especial carinho devem receber as fam\u00edlias marcadas pela viol\u00eancia, o alcoolismo, o machismo, o desemprego e principalmente as drogas, as balas perdidas, os assassinatos e os grupos de exterm\u00ednio. <\/p>\n<p>\u00c9 de suma import\u00e2ncia a presen\u00e7a do homem, do pai e sua miss\u00e3o na fam\u00edlia, como tamb\u00e9m o direito que os filhos possuem de ter a presen\u00e7a do pai em casa.<\/p>\n<p>A Igreja no Brasil olha com renovada esperan\u00e7a a realidade da fam\u00edlia. Primeira escola das virtudes humanas, sociais e crist\u00e3s, ela \u00e9 como laborat\u00f3rio do amor, portal da f\u00e9, lugar privilegiado para despertar, viver e fazer crescer as voca\u00e7\u00f5es e os carismas para a Igreja. A fam\u00edlia \u00e9 um dos pilares da primeira evangeliza\u00e7\u00e3o e da transmiss\u00e3o cont\u00ednua da f\u00e9 crist\u00e3 em nossa terra brasileira.<\/p>\n<p>A fam\u00edlia \u00e9 uma for\u00e7a de sustenta\u00e7\u00e3o, uma institui\u00e7\u00e3o fundamental. Fortalecer a fam\u00edlia \u00e9 obter uma sociedade mais justa, humana e crist\u00e3.<\/p>\n<p>A Semana da Fam\u00edlia que est\u00e1 acontecendo em todo o Brasil tem o objetivo de defender os valores da fam\u00edlia e sustent\u00e1-la contra os ataques que ela sofre. <\/p>\n<p>Pe\u00e7o \u00e0 Sagrada Fam\u00edlia de Nazar\u00e9 que aben\u00e7oe as fam\u00edlias e nos ajude no prop\u00f3sito de defend\u00ea-las e apoi\u00e1-las com todos meios que temos \u00e0 nossa disposi\u00e7\u00e3o.<\/p>\n<p>&#8212;<br \/>\nDom Mauro Montagnoli<br \/>\nBispo Diocesano de Ilh\u00e9us<\/p>\n","protected":false},"excerpt":{"rendered":"<p>A fam\u00edlia sofre com as amplas, profundas e r\u00e1pidas transforma\u00e7\u00f5es da sociedade e da cultura. Sabemos que muitas fam\u00edlias permanecem fi\u00e9is aos valores fundamentais da institui\u00e7\u00e3o familiar. Outras est\u00e3o meio perdidas frente a seus deveres, duvidosas e quase esquecidas do significado \u00faltimo e da verdade da vida conjugal e familiar. Outras, infelizmente, est\u00e3o impedidas por [&hellip;]<\/p>\n","protected":false},"author":2,"featured_media":0,"comment_status":"open","ping_status":"open","sticky":false,"template":"","format":"standard","meta":{"_links_to":"","_links_to_target":""},"categories":[17],"tags":[],"_links":{"self":[{"href":"https:\/\/www.r2cpress.com.br\/v1\/wp-json\/wp\/v2\/posts\/21608"}],"collection":[{"href":"https:\/\/www.r2cpress.com.br\/v1\/wp-json\/wp\/v2\/posts"}],"about":[{"href":"https:\/\/www.r2cpress.com.br\/v1\/wp-json\/wp\/v2\/types\/post"}],"author":[{"embeddable":true,"href":"https:\/\/www.r2cpress.com.br\/v1\/wp-json\/wp\/v2\/users\/2"}],"replies":[{"embeddable":true,"href":"https:\/\/www.r2cpress.com.br\/v1\/wp-json\/wp\/v2\/comments?post=21608"}],"version-history":[{"count":2,"href":"https:\/\/www.r2cpress.com.br\/v1\/wp-json\/wp\/v2\/posts\/21608\/revisions"}],"predecessor-version":[{"id":21610,"href":"https:\/\/www.r2cpress.com.br\/v1\/wp-json\/wp\/v2\/posts\/21608\/revisions\/21610"}],"wp:attachment":[{"href":"https:\/\/www.r2cpress.com.br\/v1\/wp-json\/wp\/v2\/media?parent=21608"}],"wp:term":[{"taxonomy":"category","embeddable":true,"href":"https:\/\/www.r2cpress.com.br\/v1\/wp-json\/wp\/v2\/categories?post=21608"},{"taxonomy":"post_tag","embeddable":true,"href":"https:\/\/www.r2cpress.com.br\/v1\/wp-json\/wp\/v2\/tags?post=21608"}],"curies":[{"name":"wp","href":"https:\/\/api.w.org\/{rel}","templated":true}]}}