{"id":21626,"date":"2011-08-09T21:08:57","date_gmt":"2011-08-10T00:08:57","guid":{"rendered":"http:\/\/www.r2cpress.com.br\/v1\/?p=21626"},"modified":"2011-08-09T21:08:57","modified_gmt":"2011-08-10T00:08:57","slug":"empresa-brasil-de-comunicacao-r2cpress-agencia-de-noticas-2","status":"publish","type":"post","link":"https:\/\/www.r2cpress.com.br\/v1\/2011\/08\/09\/empresa-brasil-de-comunicacao-r2cpress-agencia-de-noticas-2\/","title":{"rendered":"Empresa Brasil de Comunica\u00e7\u00e3o \/ R2CPRESS &#8211; Ag\u00eancia de Not\u00edcas."},"content":{"rendered":"<p><center><strong>Acordo amplia limites do Simples para micro e pequenas empresas<\/strong><\/center><\/p>\n<p>O sistema unifica todos os tributos em apenas um e pela proposta poder\u00e3o participar empresas que tenham receita bruta de no m\u00e1ximo R$ 3,6 milh\u00f5es por ano. Antes, esse valor era de R$ 2 milh\u00f5es. O limite da micro-empresa passa de R$ 240 mil para R$ 360 mil e o faturamento para ser considerado micro empreendedor individual passa de R$ 36 mil para at\u00e9 R$ 60 mil por ano.<br \/>\n<object width=\"100%\" height=\"24\" type=\"application\/x-shockwave-flash\" data=\"http:\/\/radioagencianacional.ebc.com.br\/sites\/radioagencianacional.ebc.com.br\/modules\/mp3player\/mp3player\/player.swf\" ><param name=\"bgcolor\" value=\"#FFFFFF\"><\/param><param name=\"wmode\" value=\"transparent\"><\/param><param name=\"menu\" value=\"false\"><\/param><param NAME=\"WMode\" VALUE=\"Transparent\"><\/param><param NAME=\"Play\" VALUE=\"0\"><\/param><param NAME=\"Loop\" VALUE=\"-1\"><\/param><param NAME=\"Quality\" VALUE=\"High\"><\/param><param NAME=\"SAlign\" VALUE=\"L\"><\/param><param NAME=\"Menu\" VALUE=\"0\"><\/param><param NAME=\"Base\" VALUE=\"\"><\/param><param NAME=\"AllowScriptAccess\" VALUE=\"\"><\/param><param NAME=\"Scale\" VALUE=\"NoScale\"><\/param><param NAME=\"DeviceFont\" VALUE=\"0\"><\/param><param NAME=\"EmbedMovie\" VALUE=\"0\"><\/param><param NAME=\"BGColor\" VALUE=\"FFFFFF\"><\/param><param NAME=\"SWRemote\" VALUE=\"\"><\/param><param NAME=\"MovieData\" VALUE=\"\"><\/param><param NAME=\"SeamlessTabbing\" VALUE=\"1\"><\/param><param NAME=\"Profile\" VALUE=\"-1\"><\/param><param NAME=\"ProfileAddress\" VALUE=\"\"><\/param><param NAME=\"ProfilePort\" VALUE=\"-2147483648\"><\/param><param NAME=\"AllowNetworking\" VALUE=\"all\"><\/param><param NAME=\"AllowFullScreen\" VALUE=\"false\"><\/param><param NAME=\"Movie\" VALUE=\"http:\/\/radioagencianacional.ebc.com.br\/sites\/radioagencianacional.ebc.com.br\/modules\/mp3player\/mp3player\/player.swf\"><\/param><param NAME=\"Src\" VALUE=\"http:\/\/radioagencianacional.ebc.com.br\/sites\/radioagencianacional.ebc.com.br\/modules\/mp3player\/mp3player\/player.swf\"><\/param><param name=\"flashvars\" value=\"noinfo=yes&#038;initialvolume=75&#038;soundFile=http:\/\/radioagencianacional.ebc.com.br\/sites\/radioagencianacional.ebc.com.br\/files\/09-08-11 - THAIS PASSOS - SIMPLES NACIONAL - ra joana.mp3&#038;titles=09-08-11 - THAIS PASSOS - SIMPLES NACIONAL - ra joana.mp3&#038;playerID=mp3player_1\"><\/param><\/object><br \/>\n<strong>EBC\/<em>Tha\u00eds Passos<\/em><\/strong><\/p>\n","protected":false},"excerpt":{"rendered":"<p>Acordo amplia limites do Simples para micro e pequenas empresas O sistema unifica todos os tributos em apenas um e pela proposta poder\u00e3o participar empresas que tenham receita bruta de no m\u00e1ximo R$ 3,6 milh\u00f5es por ano. Antes, esse valor era de R$ 2 milh\u00f5es. O limite da micro-empresa passa de R$ 240 mil para [&hellip;]<\/p>\n","protected":false},"author":2,"featured_media":0,"comment_status":"open","ping_status":"open","sticky":false,"template":"","format":"standard","meta":{"_links_to":"","_links_to_target":""},"categories":[18],"tags":[],"_links":{"self":[{"href":"https:\/\/www.r2cpress.com.br\/v1\/wp-json\/wp\/v2\/posts\/21626"}],"collection":[{"href":"https:\/\/www.r2cpress.com.br\/v1\/wp-json\/wp\/v2\/posts"}],"about":[{"href":"https:\/\/www.r2cpress.com.br\/v1\/wp-json\/wp\/v2\/types\/post"}],"author":[{"embeddable":true,"href":"https:\/\/www.r2cpress.com.br\/v1\/wp-json\/wp\/v2\/users\/2"}],"replies":[{"embeddable":true,"href":"https:\/\/www.r2cpress.com.br\/v1\/wp-json\/wp\/v2\/comments?post=21626"}],"version-history":[{"count":2,"href":"https:\/\/www.r2cpress.com.br\/v1\/wp-json\/wp\/v2\/posts\/21626\/revisions"}],"predecessor-version":[{"id":21628,"href":"https:\/\/www.r2cpress.com.br\/v1\/wp-json\/wp\/v2\/posts\/21626\/revisions\/21628"}],"wp:attachment":[{"href":"https:\/\/www.r2cpress.com.br\/v1\/wp-json\/wp\/v2\/media?parent=21626"}],"wp:term":[{"taxonomy":"category","embeddable":true,"href":"https:\/\/www.r2cpress.com.br\/v1\/wp-json\/wp\/v2\/categories?post=21626"},{"taxonomy":"post_tag","embeddable":true,"href":"https:\/\/www.r2cpress.com.br\/v1\/wp-json\/wp\/v2\/tags?post=21626"}],"curies":[{"name":"wp","href":"https:\/\/api.w.org\/{rel}","templated":true}]}}