{"id":21631,"date":"2011-08-10T08:46:30","date_gmt":"2011-08-10T11:46:30","guid":{"rendered":"http:\/\/www.r2cpress.com.br\/v1\/?p=21631"},"modified":"2011-08-10T08:46:30","modified_gmt":"2011-08-10T11:46:30","slug":"semafaro-do-pontal","status":"publish","type":"post","link":"https:\/\/www.r2cpress.com.br\/v1\/2011\/08\/10\/semafaro-do-pontal\/","title":{"rendered":"SEM\u00c1FARO DO PONTAL"},"content":{"rendered":"<p>De: S. MOREIRA <sucafag @hotmail.com><br \/>\nAssunto: SEM\u00c1FARO DO PONTAL<\/p>\n<p>Corpo da mensagem:<br \/>\nGostaria de saber quando ir\u00e3o fazer a manuten\u00e7\u00e3o do sem\u00e1faro do Pontal- cruzamento Sapetinga e Lomanto J\u00fanior,ser\u00e1 que \u00e9 porque nesse local n\u00e3o tem os famigerados pardais, de quem \u00e9 a responsabilidade, de quem?????<\/p>\n<p>&#8212;<br \/>\nEsta mensagem foi enviada atrav\u00e9s do formul\u00e1rio de contato do site R2CPRESS | A Letra Fria da Verdade http:\/\/www.r2cpress.com.br\/v1<\/sucafag><\/p>\n","protected":false},"excerpt":{"rendered":"<p>De: S. MOREIRA Assunto: SEM\u00c1FARO DO PONTAL Corpo da mensagem: Gostaria de saber quando ir\u00e3o fazer a manuten\u00e7\u00e3o do sem\u00e1faro do Pontal- cruzamento Sapetinga e Lomanto J\u00fanior,ser\u00e1 que \u00e9 porque nesse local n\u00e3o tem os famigerados pardais, de quem \u00e9 a responsabilidade, de quem????? &#8212; Esta mensagem foi enviada atrav\u00e9s do formul\u00e1rio de contato do [&hellip;]<\/p>\n","protected":false},"author":2,"featured_media":0,"comment_status":"open","ping_status":"open","sticky":false,"template":"","format":"standard","meta":{"_links_to":"","_links_to_target":""},"categories":[10],"tags":[],"_links":{"self":[{"href":"https:\/\/www.r2cpress.com.br\/v1\/wp-json\/wp\/v2\/posts\/21631"}],"collection":[{"href":"https:\/\/www.r2cpress.com.br\/v1\/wp-json\/wp\/v2\/posts"}],"about":[{"href":"https:\/\/www.r2cpress.com.br\/v1\/wp-json\/wp\/v2\/types\/post"}],"author":[{"embeddable":true,"href":"https:\/\/www.r2cpress.com.br\/v1\/wp-json\/wp\/v2\/users\/2"}],"replies":[{"embeddable":true,"href":"https:\/\/www.r2cpress.com.br\/v1\/wp-json\/wp\/v2\/comments?post=21631"}],"version-history":[{"count":2,"href":"https:\/\/www.r2cpress.com.br\/v1\/wp-json\/wp\/v2\/posts\/21631\/revisions"}],"predecessor-version":[{"id":21633,"href":"https:\/\/www.r2cpress.com.br\/v1\/wp-json\/wp\/v2\/posts\/21631\/revisions\/21633"}],"wp:attachment":[{"href":"https:\/\/www.r2cpress.com.br\/v1\/wp-json\/wp\/v2\/media?parent=21631"}],"wp:term":[{"taxonomy":"category","embeddable":true,"href":"https:\/\/www.r2cpress.com.br\/v1\/wp-json\/wp\/v2\/categories?post=21631"},{"taxonomy":"post_tag","embeddable":true,"href":"https:\/\/www.r2cpress.com.br\/v1\/wp-json\/wp\/v2\/tags?post=21631"}],"curies":[{"name":"wp","href":"https:\/\/api.w.org\/{rel}","templated":true}]}}