{"id":21650,"date":"2011-08-10T10:17:40","date_gmt":"2011-08-10T13:17:40","guid":{"rendered":"http:\/\/www.r2cpress.com.br\/v1\/?p=21650"},"modified":"2011-08-10T10:17:40","modified_gmt":"2011-08-10T13:17:40","slug":"mes-jorge-amado-respirando-cultural-decolores","status":"publish","type":"post","link":"https:\/\/www.r2cpress.com.br\/v1\/2011\/08\/10\/mes-jorge-amado-respirando-cultural-decolores\/","title":{"rendered":"M\u00caS JORGE AMADO &#8211; RESPIRANDO CULTURAL &#8211; DECOLORES"},"content":{"rendered":"<p><center><strong>PROGRAMA\u00c7\u00c3O DAS FESTIVIDADES DO ANIVERSARIO DE JORGE AMADO.<\/strong><\/center><br \/>\n<center><div id=\"attachment_21651\" style=\"width: 219px\" class=\"wp-caption aligncenter\"><a href=\"http:\/\/www.r2cpress.com.br\/v1\/wp-content\/uploads\/mont-jorge-amado.jpg\"><img aria-describedby=\"caption-attachment-21651\" loading=\"lazy\" src=\"http:\/\/www.r2cpress.com.br\/v1\/wp-content\/uploads\/mont-jorge-amado-209x300.jpg\" alt=\"\" title=\"mont jorge amado\" width=\"209\" height=\"300\" class=\"size-medium wp-image-21651\" srcset=\"https:\/\/www.r2cpress.com.br\/v1\/wp-content\/uploads\/mont-jorge-amado-209x300.jpg 209w, https:\/\/www.r2cpress.com.br\/v1\/wp-content\/uploads\/mont-jorge-amado-716x1024.jpg 716w, https:\/\/www.r2cpress.com.br\/v1\/wp-content\/uploads\/mont-jorge-amado.jpg 844w\" sizes=\"(max-width: 209px) 100vw, 209px\" \/><\/a><p id=\"caption-attachment-21651\" class=\"wp-caption-text\">Clique para AMPLIAR.<\/p><\/div><\/center><\/p>\n","protected":false},"excerpt":{"rendered":"<p>PROGRAMA\u00c7\u00c3O DAS FESTIVIDADES DO ANIVERSARIO DE JORGE AMADO.<\/p>\n","protected":false},"author":2,"featured_media":0,"comment_status":"open","ping_status":"open","sticky":false,"template":"","format":"standard","meta":{"_links_to":"","_links_to_target":""},"categories":[14],"tags":[],"_links":{"self":[{"href":"https:\/\/www.r2cpress.com.br\/v1\/wp-json\/wp\/v2\/posts\/21650"}],"collection":[{"href":"https:\/\/www.r2cpress.com.br\/v1\/wp-json\/wp\/v2\/posts"}],"about":[{"href":"https:\/\/www.r2cpress.com.br\/v1\/wp-json\/wp\/v2\/types\/post"}],"author":[{"embeddable":true,"href":"https:\/\/www.r2cpress.com.br\/v1\/wp-json\/wp\/v2\/users\/2"}],"replies":[{"embeddable":true,"href":"https:\/\/www.r2cpress.com.br\/v1\/wp-json\/wp\/v2\/comments?post=21650"}],"version-history":[{"count":2,"href":"https:\/\/www.r2cpress.com.br\/v1\/wp-json\/wp\/v2\/posts\/21650\/revisions"}],"predecessor-version":[{"id":21653,"href":"https:\/\/www.r2cpress.com.br\/v1\/wp-json\/wp\/v2\/posts\/21650\/revisions\/21653"}],"wp:attachment":[{"href":"https:\/\/www.r2cpress.com.br\/v1\/wp-json\/wp\/v2\/media?parent=21650"}],"wp:term":[{"taxonomy":"category","embeddable":true,"href":"https:\/\/www.r2cpress.com.br\/v1\/wp-json\/wp\/v2\/categories?post=21650"},{"taxonomy":"post_tag","embeddable":true,"href":"https:\/\/www.r2cpress.com.br\/v1\/wp-json\/wp\/v2\/tags?post=21650"}],"curies":[{"name":"wp","href":"https:\/\/api.w.org\/{rel}","templated":true}]}}