{"id":21677,"date":"2011-08-10T16:12:03","date_gmt":"2011-08-10T19:12:03","guid":{"rendered":"http:\/\/www.r2cpress.com.br\/v1\/?p=21677"},"modified":"2011-08-10T16:12:03","modified_gmt":"2011-08-10T19:12:03","slug":"moradores-e-empresarios-da-zona-sul-se-organizam-para-reivindicar-nova-ponte","status":"publish","type":"post","link":"https:\/\/www.r2cpress.com.br\/v1\/2011\/08\/10\/moradores-e-empresarios-da-zona-sul-se-organizam-para-reivindicar-nova-ponte\/","title":{"rendered":"MORADORES E EMPRES\u00c1RIOS DA ZONA SUL SE ORGANIZAM PARA REIVINDICAR NOVA PONTE"},"content":{"rendered":"<p><img loading=\"lazy\" alt=\"\" src=\"http:\/\/www.r2cpress.com.br\/v1\/wp-content\/uploads\/ze-carlos-junior-para-novo-site.jpg\" class=\"alignleft\" width=\"300\" height=\"164\" \/>Atendendo o convite feito pelo empres\u00e1rio Fred Abobreira, foi realizada na \u00faltima segunda feira, dia 08 de agosto, uma reuni\u00e3o para tratar de assuntos de interesse da comunidade, a exemplo da constru\u00e7\u00e3o da nova ponte Ilh\u00e9us \u2013 Pontal e revitaliza\u00e7\u00e3o da Pra\u00e7a S\u00e3o Jo\u00e3o Batista.<\/p>\n<p>Com a participa\u00e7\u00e3o de moradores, empres\u00e1rios, autoridades e representantes de movimentos organizados da sociedade, foi definida a necessidade de se estabelecer uma agenda de a\u00e7\u00f5es reivindicat\u00f3rias do bairro, como tamb\u00e9m a oficializa\u00e7\u00e3o de um movimento de cidadania, a fim de encaminhar aos poderes p\u00fablicos as demandas pertinentes \u00e0 Zona Sul.<\/p>\n<p>Como resultado da reuni\u00e3o, ficou definido o convite a diversos setores da sociedade, tais como, Comando de policiamento da Zona sul e Escrit\u00f3rio de projetos da SEPLAN de Ilh\u00e9us.<\/p>\n","protected":false},"excerpt":{"rendered":"<p>Atendendo o convite feito pelo empres\u00e1rio Fred Abobreira, foi realizada na \u00faltima segunda feira, dia 08 de agosto, uma reuni\u00e3o para tratar de assuntos de interesse da comunidade, a exemplo da constru\u00e7\u00e3o da nova ponte Ilh\u00e9us \u2013 Pontal e revitaliza\u00e7\u00e3o da Pra\u00e7a S\u00e3o Jo\u00e3o Batista. Com a participa\u00e7\u00e3o de moradores, empres\u00e1rios, autoridades e representantes de [&hellip;]<\/p>\n","protected":false},"author":2,"featured_media":0,"comment_status":"open","ping_status":"open","sticky":false,"template":"","format":"standard","meta":{"_links_to":"","_links_to_target":""},"categories":[10],"tags":[],"_links":{"self":[{"href":"https:\/\/www.r2cpress.com.br\/v1\/wp-json\/wp\/v2\/posts\/21677"}],"collection":[{"href":"https:\/\/www.r2cpress.com.br\/v1\/wp-json\/wp\/v2\/posts"}],"about":[{"href":"https:\/\/www.r2cpress.com.br\/v1\/wp-json\/wp\/v2\/types\/post"}],"author":[{"embeddable":true,"href":"https:\/\/www.r2cpress.com.br\/v1\/wp-json\/wp\/v2\/users\/2"}],"replies":[{"embeddable":true,"href":"https:\/\/www.r2cpress.com.br\/v1\/wp-json\/wp\/v2\/comments?post=21677"}],"version-history":[{"count":2,"href":"https:\/\/www.r2cpress.com.br\/v1\/wp-json\/wp\/v2\/posts\/21677\/revisions"}],"predecessor-version":[{"id":21679,"href":"https:\/\/www.r2cpress.com.br\/v1\/wp-json\/wp\/v2\/posts\/21677\/revisions\/21679"}],"wp:attachment":[{"href":"https:\/\/www.r2cpress.com.br\/v1\/wp-json\/wp\/v2\/media?parent=21677"}],"wp:term":[{"taxonomy":"category","embeddable":true,"href":"https:\/\/www.r2cpress.com.br\/v1\/wp-json\/wp\/v2\/categories?post=21677"},{"taxonomy":"post_tag","embeddable":true,"href":"https:\/\/www.r2cpress.com.br\/v1\/wp-json\/wp\/v2\/tags?post=21677"}],"curies":[{"name":"wp","href":"https:\/\/api.w.org\/{rel}","templated":true}]}}