{"id":21684,"date":"2011-08-10T17:10:38","date_gmt":"2011-08-10T20:10:38","guid":{"rendered":"http:\/\/www.r2cpress.com.br\/v1\/?p=21684"},"modified":"2011-08-10T17:10:38","modified_gmt":"2011-08-10T20:10:38","slug":"batalha-desigual","status":"publish","type":"post","link":"https:\/\/www.r2cpress.com.br\/v1\/2011\/08\/10\/batalha-desigual\/","title":{"rendered":"BATALHA DESIGUAL"},"content":{"rendered":"<p>De: Jose renato Ribeiro <jr .r@hotmail.com><br \/>\nAssunto: BATALHA DESIGUAL<\/p>\n<p>Corpo da mensagem:<br \/>\nQuero salientar que nao sou amigo nem tenho nenhum tipo de relacionamento com o Secretario Carlos Freitas.Quero dizer que uma batalha entre um Comunicador de Radio e uma que nao \u00e9, torna-se muito desigual e at\u00e9 covarde.O comunicador fala o que bem entende do denunciado e quando este reaje \u00e1 altura o microfone lhe \u00e9 cortado.Admiro o debate tete tete.O Secretario \u00e9 sistematicamente combatido pelo Comunicador em questao e outros tambem. Acho ate que o Secretario nao \u00e9 capaz, mas tambem os outros nao os sao, haja vista o desempenho de suas Secretarias.Diga-se de passagem, o Prefeito tambem nao \u00e9 capaz para a funcao. Porque o Comunicador nao dispensa o mesmo tratamento com os Secretarios Alysson, Barreto, Bezerra, Moreira, os Vereadores Alcydes e Marcos, o Comerciante Guido Paternostro e o ex Sindicalista Emmerson Tavares\/.Sao todos eles imunes de denuncias e achincalhes.Creio que nao.\u00c8 como se diz TODO MUNDO \u00c9 BOM, MAS O MEU CHAPEU SUMIU. Grato pelo espaco.<\/p>\n<p>&#8212;<br \/>\nEsta mensagem foi enviada atrav\u00e9s do formul\u00e1rio de contato do site R2CPRESS | A Letra Fria da Verdade http:\/\/www.r2cpress.com.br\/v1<\/jr><\/p>\n","protected":false},"excerpt":{"rendered":"<p>De: Jose renato Ribeiro Assunto: BATALHA DESIGUAL Corpo da mensagem: Quero salientar que nao sou amigo nem tenho nenhum tipo de relacionamento com o Secretario Carlos Freitas.Quero dizer que uma batalha entre um Comunicador de Radio e uma que nao \u00e9, torna-se muito desigual e at\u00e9 covarde.O comunicador fala o que bem entende do denunciado [&hellip;]<\/p>\n","protected":false},"author":2,"featured_media":0,"comment_status":"open","ping_status":"open","sticky":false,"template":"","format":"standard","meta":{"_links_to":"","_links_to_target":""},"categories":[10],"tags":[],"_links":{"self":[{"href":"https:\/\/www.r2cpress.com.br\/v1\/wp-json\/wp\/v2\/posts\/21684"}],"collection":[{"href":"https:\/\/www.r2cpress.com.br\/v1\/wp-json\/wp\/v2\/posts"}],"about":[{"href":"https:\/\/www.r2cpress.com.br\/v1\/wp-json\/wp\/v2\/types\/post"}],"author":[{"embeddable":true,"href":"https:\/\/www.r2cpress.com.br\/v1\/wp-json\/wp\/v2\/users\/2"}],"replies":[{"embeddable":true,"href":"https:\/\/www.r2cpress.com.br\/v1\/wp-json\/wp\/v2\/comments?post=21684"}],"version-history":[{"count":2,"href":"https:\/\/www.r2cpress.com.br\/v1\/wp-json\/wp\/v2\/posts\/21684\/revisions"}],"predecessor-version":[{"id":21686,"href":"https:\/\/www.r2cpress.com.br\/v1\/wp-json\/wp\/v2\/posts\/21684\/revisions\/21686"}],"wp:attachment":[{"href":"https:\/\/www.r2cpress.com.br\/v1\/wp-json\/wp\/v2\/media?parent=21684"}],"wp:term":[{"taxonomy":"category","embeddable":true,"href":"https:\/\/www.r2cpress.com.br\/v1\/wp-json\/wp\/v2\/categories?post=21684"},{"taxonomy":"post_tag","embeddable":true,"href":"https:\/\/www.r2cpress.com.br\/v1\/wp-json\/wp\/v2\/tags?post=21684"}],"curies":[{"name":"wp","href":"https:\/\/api.w.org\/{rel}","templated":true}]}}