{"id":21691,"date":"2011-08-10T20:15:01","date_gmt":"2011-08-10T23:15:01","guid":{"rendered":"http:\/\/www.r2cpress.com.br\/v1\/?p=21691"},"modified":"2011-08-10T20:15:01","modified_gmt":"2011-08-10T23:15:01","slug":"policiais-da-68%c2%aa-cipm-com-apoio-da-cipe-cacaueira-cumprem-mandado-de-prisao-e-tiram-mais-um-assaltante-de-circulacao","status":"publish","type":"post","link":"https:\/\/www.r2cpress.com.br\/v1\/2011\/08\/10\/policiais-da-68%c2%aa-cipm-com-apoio-da-cipe-cacaueira-cumprem-mandado-de-prisao-e-tiram-mais-um-assaltante-de-circulacao\/","title":{"rendered":"Policiais da 68\u00aa CIPM com apoio da CIPE Cacaueira cumprem Mandado de Pris\u00e3o e tiram mais um assaltante de circula\u00e7\u00e3o"},"content":{"rendered":"<p>Em 10-08-2011 por volta das 16h30min, policiais da 68\u00aa CIPM, cumpriram mandado de pris\u00e3o em desfavor de PATRICIO MENDES SOUZA, 36 anos, residente na 1\u00aa Travessa Nova Esperan\u00e7a, n\u00b0 12 \u2013 Malhado\/Ilh\u00e9us,  condenado nas san\u00e7\u00f5es do art. 157, paragrafo 1\u00b0 do C\u00f3digo Penal.<br \/>\n<div id=\"attachment_21692\" style=\"width: 360px\" class=\"wp-caption aligncenter\"><a href=\"http:\/\/www.r2cpress.com.br\/v1\/wp-content\/uploads\/PATRICIO-MENDES-SOUZA.jpg\"><img aria-describedby=\"caption-attachment-21692\" loading=\"lazy\" src=\"http:\/\/www.r2cpress.com.br\/v1\/wp-content\/uploads\/PATRICIO-MENDES-SOUZA.jpg\" alt=\"\" title=\"PATRICIO MENDES SOUZA\" width=\"350\" height=\"466\" class=\"size-full wp-image-21692\" srcset=\"https:\/\/www.r2cpress.com.br\/v1\/wp-content\/uploads\/PATRICIO-MENDES-SOUZA.jpg 350w, https:\/\/www.r2cpress.com.br\/v1\/wp-content\/uploads\/PATRICIO-MENDES-SOUZA-225x300.jpg 225w\" sizes=\"(max-width: 350px) 100vw, 350px\" \/><\/a><p id=\"caption-attachment-21692\" class=\"wp-caption-text\">PATRICIO MENDES SOUZA<\/p><\/div><br \/>\nAp\u00f3s realizarem rondas nas proximidades da residencia do mesmo, fora identificado o elemento pr\u00f3ximo a um bar, e dada voz de pris\u00e3o por mandado judicial, tendo o meliante evadido entrando em uma residencia vizinha, pulando o muro do quintal, onde o referido cortou-se em cacos de vidro fixados no muro da residencia. No momento em que passava pelo local uma guarni\u00e7\u00e3o da CIPE Cacaueira, que apoiou os policiais na captura do individuo. Sendo o mesmo conduzido ao Hospital Regional para atendimento m\u00e9dico, em seguida apresentado ao plant\u00e3o da 7\u00aa COORPIN, conforme ocorr\u00eancia n\u00b0 04203\/11 registrada pelo agente plantonista.<\/p>\n<p>&#8212;<br \/>\n<strong>68\u00aa CIPM<\/strong><\/p>\n","protected":false},"excerpt":{"rendered":"<p>Em 10-08-2011 por volta das 16h30min, policiais da 68\u00aa CIPM, cumpriram mandado de pris\u00e3o em desfavor de PATRICIO MENDES SOUZA, 36 anos, residente na 1\u00aa Travessa Nova Esperan\u00e7a, n\u00b0 12 \u2013 Malhado\/Ilh\u00e9us, condenado nas san\u00e7\u00f5es do art. 157, paragrafo 1\u00b0 do C\u00f3digo Penal. Ap\u00f3s realizarem rondas nas proximidades da residencia do mesmo, fora identificado o [&hellip;]<\/p>\n","protected":false},"author":2,"featured_media":0,"comment_status":"open","ping_status":"open","sticky":false,"template":"","format":"standard","meta":{"_links_to":"","_links_to_target":""},"categories":[25],"tags":[],"_links":{"self":[{"href":"https:\/\/www.r2cpress.com.br\/v1\/wp-json\/wp\/v2\/posts\/21691"}],"collection":[{"href":"https:\/\/www.r2cpress.com.br\/v1\/wp-json\/wp\/v2\/posts"}],"about":[{"href":"https:\/\/www.r2cpress.com.br\/v1\/wp-json\/wp\/v2\/types\/post"}],"author":[{"embeddable":true,"href":"https:\/\/www.r2cpress.com.br\/v1\/wp-json\/wp\/v2\/users\/2"}],"replies":[{"embeddable":true,"href":"https:\/\/www.r2cpress.com.br\/v1\/wp-json\/wp\/v2\/comments?post=21691"}],"version-history":[{"count":2,"href":"https:\/\/www.r2cpress.com.br\/v1\/wp-json\/wp\/v2\/posts\/21691\/revisions"}],"predecessor-version":[{"id":21694,"href":"https:\/\/www.r2cpress.com.br\/v1\/wp-json\/wp\/v2\/posts\/21691\/revisions\/21694"}],"wp:attachment":[{"href":"https:\/\/www.r2cpress.com.br\/v1\/wp-json\/wp\/v2\/media?parent=21691"}],"wp:term":[{"taxonomy":"category","embeddable":true,"href":"https:\/\/www.r2cpress.com.br\/v1\/wp-json\/wp\/v2\/categories?post=21691"},{"taxonomy":"post_tag","embeddable":true,"href":"https:\/\/www.r2cpress.com.br\/v1\/wp-json\/wp\/v2\/tags?post=21691"}],"curies":[{"name":"wp","href":"https:\/\/api.w.org\/{rel}","templated":true}]}}