{"id":21695,"date":"2011-08-10T20:26:43","date_gmt":"2011-08-10T23:26:43","guid":{"rendered":"http:\/\/www.r2cpress.com.br\/v1\/?p=21695"},"modified":"2011-08-10T20:26:43","modified_gmt":"2011-08-10T23:26:43","slug":"carro-com-multas-de-r-3-milhoes-e-apreendido-no-parana","status":"publish","type":"post","link":"https:\/\/www.r2cpress.com.br\/v1\/2011\/08\/10\/carro-com-multas-de-r-3-milhoes-e-apreendido-no-parana\/","title":{"rendered":"Carro com multas de R$ 3 milh\u00f5es \u00e9 apreendido no Paran\u00e1"},"content":{"rendered":"<p><strong>Ve\u00edculo ano 1994 tem o maior d\u00e9bito em multas do Estado<\/strong><\/p>\n<p><div style=\"width: 298px\" class=\"wp-caption alignleft\"><img loading=\"lazy\" alt=\" Localiza\u00e7\u00e3o foi poss\u00edvel por meio do Servi\u00e7o de Intelig\u00eancia da PM (Foto  Divulga\u00e7\u00e3o)\" src=\"http:\/\/www.estadao.com.br\/fotos\/saveirodebitobaixa.jpg\" title=\" Localiza\u00e7\u00e3o foi poss\u00edvel por meio do Servi\u00e7o de Intelig\u00eancia da PM (Foto  Divulga\u00e7\u00e3o)\" width=\"288\" height=\"212\" \/><p class=\"wp-caption-text\"> Localiza\u00e7\u00e3o foi poss\u00edvel por meio do Servi\u00e7o de Intelig\u00eancia da PM (Foto  Divulga\u00e7\u00e3o)<\/p><\/div><strong>S\u00c3O PAULO <\/strong>&#8211; Um ve\u00edculo com aproximadamente R$ 3 milh\u00f5es em d\u00edvidas foi apreendido pelo Batalh\u00e3o de Pol\u00edcia de Tr\u00e2nsito (BPTran), em Curitiba, no Paran\u00e1, na \u00faltima segunda-feira, durante opera\u00e7\u00e3o para apreender ve\u00edculos com grandes d\u00e9bitos. O autom\u00f3vel Volkswagen\/Saveiro de cor cinza, modelo 1994, tem R$ 2.831.389,27 em multas. O d\u00e9bito \u00e9 considerado o maior do Estado. A maioria das multas se referia a estacionamento irregular, excesso de velocidade e pela n\u00e3o identifica\u00e7\u00e3o do condutor. De acordo com a pol\u00edcia, o ve\u00edculo era monitorado desde o in\u00edcio da opera\u00e7\u00e3o, em dezembro de 2010, pelo Servi\u00e7o de Intelig\u00eancia da PM.<\/p>\n<p>O autom\u00f3vel n\u00e3o registrou muitas passagens por radares, sendo que neste ano passou apenas seis vezes em algum (em janeiro, mar\u00e7o, abril, maio, julho e agosto). Por meio dos radares, os policiais militares verificaram que o carro circulava muito pela Regi\u00e3o Metropolitana de Curitiba.<\/p>\n<p>A equipe do Servi\u00e7o de Intelig\u00eancia estava nas proximidades da Rua Estados Unidos, no bairro Bacacheri, quando conseguiu localizar o ve\u00edculo, estacionado na Rua Valpara\u00edso. O carro est\u00e1 registrado em nome de uma empresa de loca\u00e7\u00e3o de ve\u00edculos, j\u00e1 extinta. <\/p>\n<p>&#8212;<br \/>\nSolange Spigliatti &#8211; <a href = \"http:\/\/www.estadao.com.br\/noticias\/geral,carro-com-multas-de-r-3-milhoes-e-apreendido-no-parana,756739,0.htm\" target = \"_news\"><b>estadao.com.br<\/b><\/a><\/p>\n","protected":false},"excerpt":{"rendered":"<p>Ve\u00edculo ano 1994 tem o maior d\u00e9bito em multas do Estado S\u00c3O PAULO &#8211; Um ve\u00edculo com aproximadamente R$ 3 milh\u00f5es em d\u00edvidas foi apreendido pelo Batalh\u00e3o de Pol\u00edcia de Tr\u00e2nsito (BPTran), em Curitiba, no Paran\u00e1, na \u00faltima segunda-feira, durante opera\u00e7\u00e3o para apreender ve\u00edculos com grandes d\u00e9bitos. O autom\u00f3vel Volkswagen\/Saveiro de cor cinza, modelo 1994, [&hellip;]<\/p>\n","protected":false},"author":2,"featured_media":0,"comment_status":"open","ping_status":"open","sticky":false,"template":"","format":"standard","meta":{"_links_to":"","_links_to_target":""},"categories":[13],"tags":[],"_links":{"self":[{"href":"https:\/\/www.r2cpress.com.br\/v1\/wp-json\/wp\/v2\/posts\/21695"}],"collection":[{"href":"https:\/\/www.r2cpress.com.br\/v1\/wp-json\/wp\/v2\/posts"}],"about":[{"href":"https:\/\/www.r2cpress.com.br\/v1\/wp-json\/wp\/v2\/types\/post"}],"author":[{"embeddable":true,"href":"https:\/\/www.r2cpress.com.br\/v1\/wp-json\/wp\/v2\/users\/2"}],"replies":[{"embeddable":true,"href":"https:\/\/www.r2cpress.com.br\/v1\/wp-json\/wp\/v2\/comments?post=21695"}],"version-history":[{"count":2,"href":"https:\/\/www.r2cpress.com.br\/v1\/wp-json\/wp\/v2\/posts\/21695\/revisions"}],"predecessor-version":[{"id":21697,"href":"https:\/\/www.r2cpress.com.br\/v1\/wp-json\/wp\/v2\/posts\/21695\/revisions\/21697"}],"wp:attachment":[{"href":"https:\/\/www.r2cpress.com.br\/v1\/wp-json\/wp\/v2\/media?parent=21695"}],"wp:term":[{"taxonomy":"category","embeddable":true,"href":"https:\/\/www.r2cpress.com.br\/v1\/wp-json\/wp\/v2\/categories?post=21695"},{"taxonomy":"post_tag","embeddable":true,"href":"https:\/\/www.r2cpress.com.br\/v1\/wp-json\/wp\/v2\/tags?post=21695"}],"curies":[{"name":"wp","href":"https:\/\/api.w.org\/{rel}","templated":true}]}}