{"id":21720,"date":"2011-08-11T09:44:52","date_gmt":"2011-08-11T12:44:52","guid":{"rendered":"http:\/\/www.r2cpress.com.br\/v1\/?p=21720"},"modified":"2011-08-11T09:44:52","modified_gmt":"2011-08-11T12:44:52","slug":"portal-da-familia","status":"publish","type":"post","link":"https:\/\/www.r2cpress.com.br\/v1\/2011\/08\/11\/portal-da-familia\/","title":{"rendered":"Portal da Fam\u00edlia"},"content":{"rendered":"<table width=\"99%\" border=\"0\" cellspacing=\"5\" cellpadding=\"5\">\n<tbody>\n<tr>\n<td style=\"text-align: center;\" width=\"72%\" height=\"60\"><strong><\/strong><strong>A origem do Dia dos Pais<\/strong><\/td>\n<\/tr>\n<tr>\n<td valign=\"top\" width=\"72%\">\n<p align=\"left\">\nAo que tudo indica, o Dia dos Pais tem uma origem bem semelhante ao Dia das M\u00e3es, e em ambas as datas a id\u00e9ia inicial foi praticamente a mesma: criar datas para fortalecer os la\u00e7os familiares e o respeito por aqueles que nos deram a vida.<\/p>\n<p>Conta a hist\u00f3ria que em 1909, em Washington, Estados Unidos, Sonora Louise Smart Dodd, filha do veterano da guerra civil, John Bruce Dodd, ao ouvir um serm\u00e3o dedicado \u00e0s m\u00e3es, teve a id\u00e9ia de celebrar o Dia dos Pais. Ela queria homenagear seu pr\u00f3prio pai, que viu sua esposa falecer em 1898 ao dar a luz ao sexto filho, e que teve de criar o rec\u00e9m-nascido e seus outros cinco filhos sozinho. Algumas fontes de pesquisa dizem que o nome do pai de Sonora era William Jackson Smart, ao inv\u00e9s de John Bruce Dodd.<\/p>\n<p>J\u00e1 adulta, Sonora sentia-se orgulhosa de seu pai ao v\u00ea-lo superar todas as dificuldades sem a ajuda de ningu\u00e9m. Ent\u00e3o, em 1910, Sonora enviou uma peti\u00e7\u00e3o \u00e0 Associa\u00e7\u00e3o Ministerial de Spokane, cidade localizada em Washigton, Estados Unidos. E tamb\u00e9m pediu aux\u00edlio para uma Entidade de Jovens Crist\u00e3os da cidade. O primeiro Dia dos Pais norte-americano foi comemorado em 19 de junho daquele ano, anivers\u00e1rio do pai de Sonora. A rosa foi escolhida como s\u00edmbolo do evento, sendo que as vermelhas eram dedicadas aos pais vivos e as brancas, aos falecidos.<\/p>\n<p>A partir da\u00ed a comemora\u00e7\u00e3o difundiu-se da cidade de Spokane para todo o estado de Washington. Por fim, em 1924 o presidente Calvin Coolidge, apoiou a id\u00e9ia de um Dia dos Pais nacional e, finalmente, em 1966, o presidente Lyndon Johnson assinou uma proclama\u00e7\u00e3o presidencial declarando o terceiro domingo de junho como o Dia dos Pais (alguns dizem que foi oficializada pelo presidente Richard Nixon em 1972).<\/p>\n<p>No Brasil, a id\u00e9ia de comemorar esta data partiu do publicit\u00e1rio Sylvio Bhering e foi festejada pela primeira vez no dia 14 de Agosto de 1953, dia de S\u00e3o Joaquim, patriarca da fam\u00edlia.<\/p>\n<p>Sua data foi alterada para o 2\u00ba domingo de agosto por motivos comerciais, ficando diferente da americana e europ\u00e9ia.<\/p>\n<p>Em outros pa\u00edses:<\/p>\n<p><!--more--><\/p>\n<p>&nbsp;<\/p>\n<p>&nbsp;<\/p>\n<p>Pelo menos onze pa\u00edses tamb\u00e9m comemoram o Dia dos Pais \u00e0 sua maneira e tradi\u00e7\u00e3o.<\/p>\n<p>Na <span style=\"color: #3300ff;\"><strong>It\u00e1lia, Espanha <\/strong><\/span> e <strong><span style=\"color: #3300ff;\">Portugal<\/span><\/strong>, por exemplo, a festividade acontece no mesmo dia de S\u00e3o Jos\u00e9, 19 de mar\u00e7o. Apesar da liga\u00e7\u00e3o cat\u00f3lica, essa data ganhou destaque por ser comercialmente interessante.<\/p>\n<p><span style=\"color: #3300ff;\"><strong>Reino Unido<\/strong><\/span> &#8211; No Reino Unido, o Dia dos Pais \u00e9 comemorado no terceiro domingo de junho, sem muita festividade. Os ingleses n\u00e3o costumam se reunir em fam\u00edlia, como no Brasil. \u00c9 comum os filhos agradarem os pais com cart\u00f5es, e n\u00e3o com presentes.<\/p>\n<p><span style=\"color: #3300ff;\"><strong>Argentina<\/strong><\/span> &#8211; A data na Argentina \u00e9 festejada no terceiro domingo de junho com reuni\u00f5es em fam\u00edlia e presentes.<\/p>\n<p><span style=\"color: #3300ff;\"><strong>Gr\u00e9cia<\/strong><\/span> &#8211; Na Gr\u00e9cia, essa comemora\u00e7\u00e3o \u00e9 recente e surgiu do embalo do Dia das M\u00e3es. L\u00e1 se comemora o Dia dos Pais em 21 de junho.<\/p>\n<p><span style=\"color: #3300ff;\"><strong>Portugal<\/strong><\/span> &#8211; A data \u00e9 comemorada no dia 19 de mar\u00e7o, mesmo dia que S\u00e3o Jos\u00e9. Surgiu porque \u00e9 comercialmente interessante. Os portugueses n\u00e3o d\u00e3o muita import\u00e2ncia para essa comemora\u00e7\u00e3o.<\/p>\n<p><span style=\"color: #3300ff;\"><strong>Canad\u00e1<\/strong><\/span> &#8211; O Dia dos Pais canadense \u00e9 comemorado no dia 17 de junho. N\u00e3o h\u00e1 muitas reuni\u00f5es familiares, porque ainda \u00e9 considerada uma data mais comercial.<\/p>\n<p><span style=\"color: #3300ff;\"><strong>Alemanha<\/strong><\/span> &#8211; Na Alemanha n\u00e3o existe um dia oficial dos Pais. Os papais alem\u00e3es comemoram seu dia no dia da Ascens\u00e3o de Jesus (data vari\u00e1vel conforme a P\u00e1scoa) . Eles costumam sair \u00e0s ruas para andar de bicicleta e fazer piquenique.<\/p>\n<p><span style=\"color: #3300ff;\"><strong>Paraguai<\/strong><\/span> &#8211; A data \u00e9 comemorada no segundo domingo de junho. L\u00e1 as festas s\u00e3o como no Brasil, reuni\u00f5es em fam\u00edlia e presentes.<\/p>\n<p><span style=\"color: #3300ff;\"><strong>Peru<\/strong><\/span> &#8211; O Dia dos Pais \u00e9 comemorado no terceiro domingo de junho. N\u00e3o \u00e9 uma data muito especial para eles.<\/p>\n<p><span style=\"color: #3300ff;\"><strong>Austr\u00e1lia<\/strong><\/span>&#8211; A data \u00e9 comemorada no segundo domingo de setembro, com muita publicidade.<\/p>\n<p><span style=\"color: #3300ff;\"><strong>\u00c1frica do Sul<\/strong><\/span> &#8211; A comemora\u00e7\u00e3o acontece no mesmo dia do Brasil, mas n\u00e3o \u00e9 nada tradicional.<\/p>\n<p><span style=\"color: #3300ff;\"><strong>R\u00fassia<\/strong><\/span> &#8211; Na R\u00fassia n\u00e3o existe propriamente o Dia dos Pais. L\u00e1 os homens comemoram seu dia em 23 de fevereiro, chamada de &#8220;o dia do defensor da p\u00e1tria&#8221; (Den Zaschitnika Otetchestva).<\/p>\n<p>Independente do seu lado comercial, \u00e9 uma data para ser muito comemorada, nem que seja para dizer um simples <strong>&#8220;Obrigado Papai&#8221; !<\/strong><\/p>\n<p><img loading=\"lazy\" src=\"http:\/\/www.portaldafamilia.org\/datas\/pais\/plaid-d-rule.gif\" alt=\"\" width=\"475\" height=\"10\" \/><\/p>\n<p>Texto compilado das seguintes fontes<\/p>\n<p>&#8211; O Guia dos Curiosos &#8211; Marcelo Duarte. Cia da Letras, S.P., 1995.<br \/>\nSites:<br \/>\nhttp:\/\/www.pratofeito.com.br\/pages.php?recid=2315<br \/>\nhttp:\/\/www.virtual.epm.br\/uati\/corpo\/dia_pais.htm<br \/>\nhttp:\/\/educaterra.terra.com.br\/almanaque\/datas\/pai.htm<\/p>\n<p>&nbsp;<\/p>\n<p>No Portal da Fam\u00edlia<\/p>\n<p>http:\/\/www.portaldafamilia.org\/artigos\/texto034.shtml<\/td>\n<\/tr>\n<\/tbody>\n<\/table>\n","protected":false},"excerpt":{"rendered":"<p>A origem do Dia dos Pais Ao que tudo indica, o Dia dos Pais tem uma origem bem semelhante ao Dia das M\u00e3es, e em ambas as datas a id\u00e9ia inicial foi praticamente a mesma: criar datas para fortalecer os la\u00e7os familiares e o respeito por aqueles que nos deram a vida. Conta a hist\u00f3ria [&hellip;]<\/p>\n","protected":false},"author":2,"featured_media":0,"comment_status":"open","ping_status":"open","sticky":false,"template":"","format":"standard","meta":{"_links_to":"","_links_to_target":""},"categories":[28],"tags":[],"_links":{"self":[{"href":"https:\/\/www.r2cpress.com.br\/v1\/wp-json\/wp\/v2\/posts\/21720"}],"collection":[{"href":"https:\/\/www.r2cpress.com.br\/v1\/wp-json\/wp\/v2\/posts"}],"about":[{"href":"https:\/\/www.r2cpress.com.br\/v1\/wp-json\/wp\/v2\/types\/post"}],"author":[{"embeddable":true,"href":"https:\/\/www.r2cpress.com.br\/v1\/wp-json\/wp\/v2\/users\/2"}],"replies":[{"embeddable":true,"href":"https:\/\/www.r2cpress.com.br\/v1\/wp-json\/wp\/v2\/comments?post=21720"}],"version-history":[{"count":3,"href":"https:\/\/www.r2cpress.com.br\/v1\/wp-json\/wp\/v2\/posts\/21720\/revisions"}],"predecessor-version":[{"id":21723,"href":"https:\/\/www.r2cpress.com.br\/v1\/wp-json\/wp\/v2\/posts\/21720\/revisions\/21723"}],"wp:attachment":[{"href":"https:\/\/www.r2cpress.com.br\/v1\/wp-json\/wp\/v2\/media?parent=21720"}],"wp:term":[{"taxonomy":"category","embeddable":true,"href":"https:\/\/www.r2cpress.com.br\/v1\/wp-json\/wp\/v2\/categories?post=21720"},{"taxonomy":"post_tag","embeddable":true,"href":"https:\/\/www.r2cpress.com.br\/v1\/wp-json\/wp\/v2\/tags?post=21720"}],"curies":[{"name":"wp","href":"https:\/\/api.w.org\/{rel}","templated":true}]}}