{"id":21724,"date":"2011-08-11T10:31:08","date_gmt":"2011-08-11T13:31:08","guid":{"rendered":"http:\/\/www.r2cpress.com.br\/v1\/?p=21724"},"modified":"2011-08-11T10:31:08","modified_gmt":"2011-08-11T13:31:08","slug":"deu-no-a-tribuna","status":"publish","type":"post","link":"https:\/\/www.r2cpress.com.br\/v1\/2011\/08\/11\/deu-no-a-tribuna\/","title":{"rendered":"Deu no A TRIBUNA"},"content":{"rendered":"<p><center><strong>\u00c2ngela indica novo Gerente financeiro da Direc-06<\/strong><\/center><\/p>\n<p>          <div id=\"attachment_21725\" style=\"width: 310px\" class=\"wp-caption alignright\"><a href=\"http:\/\/www.r2cpress.com.br\/v1\/wp-content\/uploads\/Cristiano-Cruz.jpg\"><img aria-describedby=\"caption-attachment-21725\" loading=\"lazy\" src=\"http:\/\/www.r2cpress.com.br\/v1\/wp-content\/uploads\/Cristiano-Cruz-300x282.jpg\" alt=\"\" title=\"Cristiano Cruz\" width=\"300\" height=\"282\" class=\"size-medium wp-image-21725\" srcset=\"https:\/\/www.r2cpress.com.br\/v1\/wp-content\/uploads\/Cristiano-Cruz-300x282.jpg 300w, https:\/\/www.r2cpress.com.br\/v1\/wp-content\/uploads\/Cristiano-Cruz.jpg 450w\" sizes=\"(max-width: 300px) 100vw, 300px\" \/><\/a><p id=\"caption-attachment-21725\" class=\"wp-caption-text\">Foto: Cristiano Cruz<\/p><\/div>O governador da Bahia, Jaques Wagner acaba de dar uma grande baixa no PT de Ilh\u00e9us. Foi publicado no Jornal Oficial do Estado da Bahia desta quinta-feira o decreto exonerando o petista Jorgeney Elcymarcos Argolo Souza do cargo de Coordenador II, s\u00edmbolo DAS-3, da Coordena\u00e7\u00e3o de Organiza\u00e7\u00e3o e Atendimento da Rede Escolar, da Diretoria Regional de Educa\u00e7\u00e3o de Ilh\u00e9us &#8211; DIREC 06, da Secretaria da Educa\u00e7\u00e3o.<\/p>\n<p>          Para o cargo foi nomeado Mauro Ferreira Alves, indicado pela deputada \u00c2ngela Sousa. Com isso, pelo menos at\u00e9 o momento, fica a dire\u00e7\u00e3o geral da Direc-06 com o PT, a coordena\u00e7\u00e3o pedag\u00f3gica dom o PP, atrav\u00e9s da nomea\u00e7\u00e3o da professora Gilda Porto, e a coordena\u00e7\u00e3o de gest\u00e3o com o PSC de \u00c2ngela Sousa.<\/p>\n<p>&#8212;<br \/>\nA Tribuna<br \/>\nhttp:\/\/www.atribunabahia.com.br\/headline.php?n_id=2069&#038;u=0\\<\/p>\n","protected":false},"excerpt":{"rendered":"<p>\u00c2ngela indica novo Gerente financeiro da Direc-06 O governador da Bahia, Jaques Wagner acaba de dar uma grande baixa no PT de Ilh\u00e9us. Foi publicado no Jornal Oficial do Estado da Bahia desta quinta-feira o decreto exonerando o petista Jorgeney Elcymarcos Argolo Souza do cargo de Coordenador II, s\u00edmbolo DAS-3, da Coordena\u00e7\u00e3o de Organiza\u00e7\u00e3o e [&hellip;]<\/p>\n","protected":false},"author":2,"featured_media":0,"comment_status":"open","ping_status":"open","sticky":false,"template":"","format":"standard","meta":{"_links_to":"","_links_to_target":""},"categories":[22],"tags":[],"_links":{"self":[{"href":"https:\/\/www.r2cpress.com.br\/v1\/wp-json\/wp\/v2\/posts\/21724"}],"collection":[{"href":"https:\/\/www.r2cpress.com.br\/v1\/wp-json\/wp\/v2\/posts"}],"about":[{"href":"https:\/\/www.r2cpress.com.br\/v1\/wp-json\/wp\/v2\/types\/post"}],"author":[{"embeddable":true,"href":"https:\/\/www.r2cpress.com.br\/v1\/wp-json\/wp\/v2\/users\/2"}],"replies":[{"embeddable":true,"href":"https:\/\/www.r2cpress.com.br\/v1\/wp-json\/wp\/v2\/comments?post=21724"}],"version-history":[{"count":2,"href":"https:\/\/www.r2cpress.com.br\/v1\/wp-json\/wp\/v2\/posts\/21724\/revisions"}],"predecessor-version":[{"id":21727,"href":"https:\/\/www.r2cpress.com.br\/v1\/wp-json\/wp\/v2\/posts\/21724\/revisions\/21727"}],"wp:attachment":[{"href":"https:\/\/www.r2cpress.com.br\/v1\/wp-json\/wp\/v2\/media?parent=21724"}],"wp:term":[{"taxonomy":"category","embeddable":true,"href":"https:\/\/www.r2cpress.com.br\/v1\/wp-json\/wp\/v2\/categories?post=21724"},{"taxonomy":"post_tag","embeddable":true,"href":"https:\/\/www.r2cpress.com.br\/v1\/wp-json\/wp\/v2\/tags?post=21724"}],"curies":[{"name":"wp","href":"https:\/\/api.w.org\/{rel}","templated":true}]}}