{"id":21728,"date":"2011-08-11T11:01:53","date_gmt":"2011-08-11T14:01:53","guid":{"rendered":"http:\/\/www.r2cpress.com.br\/v1\/?p=21728"},"modified":"2011-08-11T11:01:53","modified_gmt":"2011-08-11T14:01:53","slug":"enterro-do-corpo-de-engenheira-ambiental-e-adiado-devido-autopsia-em-ossada","status":"publish","type":"post","link":"https:\/\/www.r2cpress.com.br\/v1\/2011\/08\/11\/enterro-do-corpo-de-engenheira-ambiental-e-adiado-devido-autopsia-em-ossada\/","title":{"rendered":"Enterro do corpo de engenheira ambiental \u00e9 adiado devido aut\u00f3psia em ossada"},"content":{"rendered":"<p><strong>Ap\u00f3s identifica\u00e7\u00e3o de ossada, falta apenas o resultado da per\u00edcia que vai determinar a causa da morte, que deve sair na pr\u00f3xima semana<\/strong><\/p>\n<p>O enterro da engenheira ambiental Marleide Oliveira Junqueira, 37, foi adiado e n\u00e3o ocorrer\u00e1 na tarde desta quinta-feira (11), no munic\u00edpio de Concei\u00e7\u00e3o do Coit\u00e9, a 210 km de Salvador. De acordo com a assessoria do Instituto M\u00e9dico Legal (IML), diferente do que foi anunciado em coletiva ontem, a ossada n\u00e3o ser\u00e1 liberada hoje, pois a per\u00edcia da autopsia ainda est\u00e1 sendo finalizada.  <\/p>\n<p>A ossada foi encontrada em 29 de julho, em um matagal em Itaparica. O resultado do exame de DNA foi divulgado pelo delegado Adailton Adan, titular da 11\u00aa Delegacia (Tancredo Neves), ap\u00f3s o material gen\u00e9tico da v\u00edtima  ter sido comparado ao sangue da m\u00e3e de Marleirde, que deu um \u00edndice de quase 100% de maternidade.<\/p>\n<p><!--more--><\/p>\n<p>Agora, falta apenas o resultado da per\u00edcia que vai determinar a causa da morte, que deve sair na pr\u00f3xima semana e ser\u00e1 divulgado junto ao laudo do exame de antropologia da arcada dent\u00e1ria. A engenheira desapareceu h\u00e1 quase 11 meses, ap\u00f3s sair de casa para encontrar o ex-namorado Antonio Lu\u00eds de Jesus.<\/p>\n<p>Ant\u00f4nio est\u00e1 preso na Unidade Especial Disciplinar (UED), no Complexo da Mata Escura, acusado de homic\u00eddio, oculta\u00e7\u00e3o de cad\u00e1ver e aborto &#8211; Marleide estava gr\u00e1vida dele. A pol\u00edcia encontrou a ossada com a ajuda de um militar que disse ter sido coagido por Antonio para levar o corpo at\u00e9 a ilha. Antonio dever\u00e1 ser interrogado novamente e ir a j\u00fari popular. <\/p>\n<p>Na \u00e9poca, a Justi\u00e7a entendeu que Ant\u00f4nio era respons\u00e1vel pelo sumi\u00e7o da engenheira, j\u00e1 que, segundo testemunhas, ele foi a \u00faltima pessoa vista com ela.  Marleide desapareceu no dia 21 de agosto. Ela saiu de casa sem documentos e disse que encontraria o namorado. Ant\u00f4nio foi preso um m\u00eas depois, quando se apresentou espontaneamente na delegacia sem saber que havia um mandado de pris\u00e3o contra ele.<\/p>\n<p>No depoimento, alegou que estava em companhia de Edneuza Barboza e o filho de 8 meses no dia do desaparecimento de Marleide. Mas seu \u00e1libi n\u00e3o se sustentou j\u00e1 que a pr\u00f3pria Edneuza negou a vers\u00e3o. <\/p>\n<p>&#8212;<br \/>\nReda\u00e7\u00e3o <a href = \"http:\/\/www.correio24horas.com.br\/noticias\/detalhes\/detalhes-1\/artigo\/enterro-do-corpo-de-engenheira-ambiental-e-adiado-devido-autopsia-em-ossada\/\" target = \"_news\"><b>CORREIO DA BAHIA<\/b><\/a><\/p>\n","protected":false},"excerpt":{"rendered":"<p>Ap\u00f3s identifica\u00e7\u00e3o de ossada, falta apenas o resultado da per\u00edcia que vai determinar a causa da morte, que deve sair na pr\u00f3xima semana O enterro da engenheira ambiental Marleide Oliveira Junqueira, 37, foi adiado e n\u00e3o ocorrer\u00e1 na tarde desta quinta-feira (11), no munic\u00edpio de Concei\u00e7\u00e3o do Coit\u00e9, a 210 km de Salvador. De acordo [&hellip;]<\/p>\n","protected":false},"author":2,"featured_media":0,"comment_status":"open","ping_status":"open","sticky":false,"template":"","format":"standard","meta":{"_links_to":"","_links_to_target":""},"categories":[25],"tags":[],"_links":{"self":[{"href":"https:\/\/www.r2cpress.com.br\/v1\/wp-json\/wp\/v2\/posts\/21728"}],"collection":[{"href":"https:\/\/www.r2cpress.com.br\/v1\/wp-json\/wp\/v2\/posts"}],"about":[{"href":"https:\/\/www.r2cpress.com.br\/v1\/wp-json\/wp\/v2\/types\/post"}],"author":[{"embeddable":true,"href":"https:\/\/www.r2cpress.com.br\/v1\/wp-json\/wp\/v2\/users\/2"}],"replies":[{"embeddable":true,"href":"https:\/\/www.r2cpress.com.br\/v1\/wp-json\/wp\/v2\/comments?post=21728"}],"version-history":[{"count":2,"href":"https:\/\/www.r2cpress.com.br\/v1\/wp-json\/wp\/v2\/posts\/21728\/revisions"}],"predecessor-version":[{"id":21730,"href":"https:\/\/www.r2cpress.com.br\/v1\/wp-json\/wp\/v2\/posts\/21728\/revisions\/21730"}],"wp:attachment":[{"href":"https:\/\/www.r2cpress.com.br\/v1\/wp-json\/wp\/v2\/media?parent=21728"}],"wp:term":[{"taxonomy":"category","embeddable":true,"href":"https:\/\/www.r2cpress.com.br\/v1\/wp-json\/wp\/v2\/categories?post=21728"},{"taxonomy":"post_tag","embeddable":true,"href":"https:\/\/www.r2cpress.com.br\/v1\/wp-json\/wp\/v2\/tags?post=21728"}],"curies":[{"name":"wp","href":"https:\/\/api.w.org\/{rel}","templated":true}]}}