{"id":21731,"date":"2011-08-11T11:05:04","date_gmt":"2011-08-11T14:05:04","guid":{"rendered":"http:\/\/www.r2cpress.com.br\/v1\/?p=21731"},"modified":"2011-08-11T11:05:04","modified_gmt":"2011-08-11T14:05:04","slug":"justica-obriga-orgaos-publicos-a-nomear-aprovados-em-concurso","status":"publish","type":"post","link":"https:\/\/www.r2cpress.com.br\/v1\/2011\/08\/11\/justica-obriga-orgaos-publicos-a-nomear-aprovados-em-concurso\/","title":{"rendered":"Justi\u00e7a obriga \u00f3rg\u00e3os p\u00fablicos a nomear aprovados em concurso"},"content":{"rendered":"<p>O Supremo Tribunal Federal (STF) decidiu nesta quinta-feira (10), por unanimidade, que as pessoas aprovadas em concurso p\u00fablico t\u00eam o direito de ser nomeadas nas vagas abertas por concurso p\u00fablico (com exce\u00e7\u00e3o do cadastro de reserva). A decis\u00e3o foi sobre um caso espec\u00edfico em Mato Grosso do Sul, mas ser\u00e1 aplicada em todo o pa\u00eds, porque o caso tinha o status de repercuss\u00e3o geral.<\/p>\n<p>O estado alegava que o candidato n\u00e3o tem direito certo de ser nomeado, apenas uma expectativa de que isso aconte\u00e7a. E que isso serve para preservar a autonomia da administra\u00e7\u00e3o p\u00fablica para decidir se a nomea\u00e7\u00e3o \u00e9 \u00fatil ou n\u00e3o. No entanto, o relator, ministro Gilmar Mendes, considerou que a administra\u00e7\u00e3o p\u00fablica est\u00e1 vinculada ao n\u00famero de vagas previstas no edital.<\/p>\n<p><!--more--><\/p>\n<p>Mendes considerou que as vagas previstas em edital j\u00e1 pressup\u00f5em a exist\u00eancia de cargos e a previs\u00e3o de lei or\u00e7ament\u00e1ria. \u201cEntendo que o dever de boa-f\u00e9 da administra\u00e7\u00e3o p\u00fablica exige o respeito incondicional \u00e0s regras do edital, inclusive quanto \u00e0 previs\u00e3o das vagas no concurso p\u00fablico\u201d, disse o ministro, que acrescentou que a \u00fanica liberdade da administra\u00e7\u00e3o p\u00fablica \u00e9 decidir quando o candidato ser\u00e1 nomeado, dentro do prazo de validade do concurso.<\/p>\n<p>Para o relator, apenas situa\u00e7\u00f5es excepcionais justificam a n\u00e3o nomea\u00e7\u00e3o, como fatos importantes e imprevis\u00edveis posteriores \u00e0 abertura do edital, como crises econ\u00f4micas, guerras e fen\u00f4menos naturais que causem calamidade p\u00fablica.<\/p>\n<p>&#8212;<br \/>\nAg\u00eancia Brasil<br \/>\nNo <a href = \"http:\/\/www.atardeonline.com.br\/brasil\/noticia.jsf?id=5754143\" target = \"_news\"><b>A TARDE ON LINE <\/b><\/a><\/p>\n","protected":false},"excerpt":{"rendered":"<p>O Supremo Tribunal Federal (STF) decidiu nesta quinta-feira (10), por unanimidade, que as pessoas aprovadas em concurso p\u00fablico t\u00eam o direito de ser nomeadas nas vagas abertas por concurso p\u00fablico (com exce\u00e7\u00e3o do cadastro de reserva). A decis\u00e3o foi sobre um caso espec\u00edfico em Mato Grosso do Sul, mas ser\u00e1 aplicada em todo o pa\u00eds, [&hellip;]<\/p>\n","protected":false},"author":2,"featured_media":0,"comment_status":"open","ping_status":"open","sticky":false,"template":"","format":"standard","meta":{"_links_to":"","_links_to_target":""},"categories":[18],"tags":[],"_links":{"self":[{"href":"https:\/\/www.r2cpress.com.br\/v1\/wp-json\/wp\/v2\/posts\/21731"}],"collection":[{"href":"https:\/\/www.r2cpress.com.br\/v1\/wp-json\/wp\/v2\/posts"}],"about":[{"href":"https:\/\/www.r2cpress.com.br\/v1\/wp-json\/wp\/v2\/types\/post"}],"author":[{"embeddable":true,"href":"https:\/\/www.r2cpress.com.br\/v1\/wp-json\/wp\/v2\/users\/2"}],"replies":[{"embeddable":true,"href":"https:\/\/www.r2cpress.com.br\/v1\/wp-json\/wp\/v2\/comments?post=21731"}],"version-history":[{"count":2,"href":"https:\/\/www.r2cpress.com.br\/v1\/wp-json\/wp\/v2\/posts\/21731\/revisions"}],"predecessor-version":[{"id":21733,"href":"https:\/\/www.r2cpress.com.br\/v1\/wp-json\/wp\/v2\/posts\/21731\/revisions\/21733"}],"wp:attachment":[{"href":"https:\/\/www.r2cpress.com.br\/v1\/wp-json\/wp\/v2\/media?parent=21731"}],"wp:term":[{"taxonomy":"category","embeddable":true,"href":"https:\/\/www.r2cpress.com.br\/v1\/wp-json\/wp\/v2\/categories?post=21731"},{"taxonomy":"post_tag","embeddable":true,"href":"https:\/\/www.r2cpress.com.br\/v1\/wp-json\/wp\/v2\/tags?post=21731"}],"curies":[{"name":"wp","href":"https:\/\/api.w.org\/{rel}","templated":true}]}}