{"id":21742,"date":"2011-08-11T13:55:00","date_gmt":"2011-08-11T16:55:00","guid":{"rendered":"http:\/\/www.r2cpress.com.br\/v1\/?p=21742"},"modified":"2011-08-11T13:55:00","modified_gmt":"2011-08-11T16:55:00","slug":"prefeitura-municipal-de-ilheus-189","status":"publish","type":"post","link":"https:\/\/www.r2cpress.com.br\/v1\/2011\/08\/11\/prefeitura-municipal-de-ilheus-189\/","title":{"rendered":"Prefeitura Municipal de Ilh\u00e9us"},"content":{"rendered":"<p><div id=\"attachment_21743\" style=\"width: 310px\" class=\"wp-caption aligncenter\"><a href=\"http:\/\/www.r2cpress.com.br\/v1\/wp-content\/uploads\/PMI-11-08-2011.jpg\"><img aria-describedby=\"caption-attachment-21743\" loading=\"lazy\" src=\"http:\/\/www.r2cpress.com.br\/v1\/wp-content\/uploads\/PMI-11-08-2011-300x205.jpg\" alt=\"\" title=\"PMI 11 08 2011\" width=\"300\" height=\"205\" class=\"size-medium wp-image-21743\" srcset=\"https:\/\/www.r2cpress.com.br\/v1\/wp-content\/uploads\/PMI-11-08-2011-300x205.jpg 300w, https:\/\/www.r2cpress.com.br\/v1\/wp-content\/uploads\/PMI-11-08-2011.jpg 1024w\" sizes=\"(max-width: 300px) 100vw, 300px\" \/><\/a><p id=\"caption-attachment-21743\" class=\"wp-caption-text\">A\u00c7\u00d5ES DA PREFEITURA DE ILH\u00c9US<\/p><\/div><br \/>\nPrefeito de Ilh\u00e9us \u00e9 convidado a participar de eventos de chocolate<br \/>\nFamiliares do escritor e atores de \u201cDona Flor\u201d participam de bate papo sobre document\u00e1rio<br \/>\nExcelente p\u00fablico vem prestigiando todos os dias os Jogos Estudantis da Rede P\u00fablica<br \/>\nAula inaugural do Projeto \u201cViva V\u00f4lei\u201d acontecer\u00e1 na pr\u00f3xima 4\u00aa feira em Ilh\u00e9us<br \/>\nTelecentro em Ilh\u00e9us anuncia novos cursos EAD  e disponiliza hor\u00e1rio diferenciado para inscri\u00e7\u00f5es<\/p>\n<p><!--more--><\/p>\n<p>***<\/p>\n<p><strong>Prefeito de Ilh\u00e9us \u00e9 convidado a participar de eventos de chocolate<\/strong><\/p>\n<p>O prefeito de Ilh\u00e9us, Newton Lima, recebeu na tarde de quarta-feira (11), em seu gabinete no Pal\u00e1cio Paranagu\u00e1 \u2013 sede do governo municipal \u2013 a visita do empres\u00e1rio Marcos Lessa, diretor da Ag\u00eancia M21 e o presidente da Associa\u00e7\u00e3o dos Produtores de Cacau (APC), Henrique Oliveira. Dentre os assuntos tratados, a intensifica\u00e7\u00e3o da marca Chocolate de Ilh\u00e9us no mercado nacional e internacional e a participa\u00e7\u00e3o oficial do munic\u00edpio nos principais eventos da cadeia produtiva do cacau.<\/p>\n<p>Junto com o secret\u00e1rio municipal do Turismo, Paulo Moreira, o prefeito Newton Lima fizeram uma exposi\u00e7\u00e3o aos empres\u00e1rios dos contatos mantidos com o secret\u00e1rio do Turismo da Bahia, Domingos Leonelli, acerca do incremento do turismo local, com forte apelo promocional para o produto fabrica chocolate. Segundo Paulo Moreira, essas a\u00e7\u00f5es ser\u00e3o multiplicadas com o apoio da estrutura oficial do Estado, trazendo in\u00fameros benef\u00edcios para o turismo ilheense.<\/p>\n<p>Os empres\u00e1rios agradeceram o empenho do prefeito Newton Lima e do secret\u00e1rio Paulo Moreira na realiza\u00e7\u00e3o da Festival do Chocolate, realizado no per\u00edodo de 6 a 10 de julho deste ano, considerado como um dos eventos mais promissores para a cadeia produtiva do cacau e o turismo regional. Eles tamb\u00e9m convidaram o prefeito Newton Lima para participar da FebraCHOCO e do Congresso Latino Americano do Chocolate (Chocolatino), que ser\u00e3o realizados no per\u00edodo de 31 de agosto a 3 de setembro, na cidade de Gramado, no Rio Grande do Sul.<\/p>\n<p>O convite tamb\u00e9m foi estendido \u00e0 participa\u00e7\u00e3o do Sal\u00e3o do Chocolate, evento realizado em Paris (Fran\u00e7a). A inten\u00e7\u00e3o dos empres\u00e1rios \u00e9 que o munic\u00edpio de Ilh\u00e9us possa investir nessas grandes \u201cvitrines\u201d, mostrando o chocolate produzido na Mata Atl\u00e2ntica e as belezas de Ilh\u00e9us, com o objetivo de ampliar o fluxo de turistas para a cidade. O prefeito Newton Lima assegurou que a participa\u00e7\u00e3o de Ilh\u00e9us nesses dois eventos est\u00e1 em an\u00e1lise. \u201cDesde que recebemos convites id\u00eanticos feitos pelo governador da Bahia, Jaques Wagner, que estudamos a melhor maneira de Ilh\u00e9us participar\u201d, finalizou.<\/p>\n<p><strong> Familiares do escritor e atores de \u201cDona Flor\u201d participam de bate papo sobre document\u00e1rio<\/strong><\/p>\n<p>A exibi\u00e7\u00e3o do document\u00e1rio \u201cJorge Amado\u201d e o bate papo com os atores Marcelo Faria e Ana Paula Bouzas, do espet\u00e1culo \u201cDona Flor e Seus Dois Maridos\u201d, com a filha do escritor Paloma Amado Gattai e com Jorge Amado Neto marcaram o encerramento da programa\u00e7\u00e3o de abertura do projeto 99+1, que festejou os 99 anos de nascimento de Jorge Amado e deu o ponta p\u00e9 inicial rumo ao centen\u00e1rio do escritor. Os eventos foram realizados na noite da \u00faltima quarta-feira (10) no audit\u00f3rio Nacib do Centro de Conven\u00e7\u00f5es Eduardo Magalh\u00e3es. <\/p>\n<p>Dirigido por Jo\u00e3o Moreira Salles, o document\u00e1rio aborda um pouco sobre sua trajet\u00f3ria de vida, exalta sua postura de respeito \u00e0 diversidade e ao sincretismo religioso, al\u00e9m de levantar quest\u00f5es pol\u00edtico-ideol\u00f3gicas presentes em suas obras e o contexto hist\u00f3rico e social que as inspirou. Com cerca de 60 minutos, o document\u00e1rio re\u00fane ainda depoimentos de Gilberto Gil, Jo\u00e3o Ubaldo Ribeiro, assim como de an\u00f4nimos. Paloma Amado, que pela manh\u00e3 participou das comemora\u00e7\u00f5es realizadas na Casa de Cultura Jorge Amado, no Pelourinho em Salvador, ressaltou que o filme mostra o escritor de uma maneira bem intimista. \u201cMeu pai era assim, um homem simples e que nos ensinou muito com suas hist\u00f3rias de vida\u201d.<\/p>\n<p>J\u00e1 os atores Marcelo Farias e Ana Paula Bouzas, que integram o elenco de \u201cDona Flor e Seus Dois Maridos\u201d \u2013 em cartaz em Ilh\u00e9us at\u00e9 o pr\u00f3ximo domingo (14) \u2013 aproveitaram para falar mais sobre o espet\u00e1culo de j\u00e1 rodou mais de 150 cidades, totalizando mais 500 apresenta\u00e7\u00f5es e um p\u00fablico de mais 600 mil pessoas. Para Marcelo Farias, que interpreta Vadinho, este \u00e9 personagem mais dif\u00edcil e marcante de sua carreira. \u201cQuando li o livro, me apaixonei pelo personagem e iniciei um longo processo de constru\u00e7\u00e3o do Vadinho, que incluiu aulas de dan\u00e7a de sal\u00e3o, consultas com psicanalista e estudo sobre o candombl\u00e9\u201d.<\/p>\n<p>A atriz e bailarina Ana Paula Bouzas, que responde pela assistente de dire\u00e7\u00e3o do espet\u00e1culo e d\u00e1 vida a personagem Norminha, disse estar honrada em apresentar a pe\u00e7a em Ilh\u00e9us e que a ocasi\u00e3o n\u00e3o poderia ser melhor. \u201cJ\u00e1 t\u00ednhamos vontade de vir a Ilh\u00e9us, mas est\u00e1 sendo muito emocionante vir a cidade durante as comemora\u00e7\u00f5es pelos seus 99 anos de nascimento\u201d. A atriz tamb\u00e9m aproveitou para elogiar o texto do autor da adapta\u00e7\u00e3o. \u201cOs textos das obras de Jorge Amado parecem textos de novelas, de filmes, estando prontos para a adapta\u00e7\u00e3o. Al\u00e9m disso, uma de suas marcas \u00e9 a de n\u00e3o descrever por completo o f\u00edsico de seus personagens, o que tamb\u00e9m enriquece a constru\u00e7\u00e3o dos personagens\u201d. <\/p>\n<p>Dona Flor e Seus Dois Maridos &#8211; O p\u00fablico regional ter\u00e1 a oportunidde de conferir no decorrer desta semana (11, 12, 13 e 14), no Teatro Municipal de Ilh\u00e9us (TMI), o espet\u00e1culo \u201cDona Flor e Seus Dois Maridos\u201d, Na noite de estr\u00e9ia (11), a pe\u00e7a teatral ser\u00e1 apresentada em dois hor\u00e1rios: 18 horas (apenas para convidados) e \u00e0s 21 horas (para o p\u00fablico em geral). Ja nos dias 12 e 13, o espet\u00e1culo, que tem ao todo 14 atores em cena, come\u00e7a \u00e0s 21 horas, e, no dia 14, a partir das 19 horas. Os ingressos podem ser adquiridos ao pre\u00e7o de R$ 70,00 (inteira) e R$ 35,00 (meia) na bilheteria do TMI.<\/p>\n<p><strong>Excelente p\u00fablico vem prestigiando todos os dias os Jogos Estudantis da Rede P\u00fablica<\/strong><\/p>\n<p>Centenas de adolescentes est\u00e3o lotando todos os dias as arquibancadas do Gin\u00e1sio de Esportes Herval Soledade, um dos principais palcos do esporte amador de Ilh\u00e9us, para acompanharem a quarta edi\u00e7\u00e3o dos Jogos Estudantis da Rede P\u00fablica (Jerp). A disputa, que tamb\u00e9m acontece no Est\u00e1dio M\u00e1rio Pessoa, no IME-Centro, na praia do Sul e na praia da avenida Soares Lopes, teve in\u00edcio na \u00faltima ter\u00e7a-feira (9) e ser\u00e1 encerrada no s\u00e1bado (13), a partir das 8 horas, com as provas de                  surf, programadas para a Praia do Sul, nas proximidades da Cabana Gabriela. <\/p>\n<p>Os Jogos Estudantis da Rede P\u00fablica (Jerp), cuja solenidade de encerramento acontecer\u00e1 neste s\u00e1bado, no Gin\u00e1sio de Esportes, em hor\u00e1rio ainda a ser confirmado, s\u00e3o organizados pelo Governo do Estado, atrav\u00e9s da secretaria estadual de Educa\u00e7\u00e3o e da Direc \u2013 6 (Diretoria Regional de Educa\u00e7\u00e3o), em parceria com a Prefeitura de Ilh\u00e9us, por meio da Superintend\u00eancia de Esportes e secretaria municipal de Educa\u00e7\u00e3o. <\/p>\n<p>Entre as modalidades, handebol, v\u00f4lei de quadra, v\u00f4lei misto de areia, futsal, basquete, futebol de campo, atletismo, surf, skate, surfe, xadrez, jud\u00f4, karate, Jiu Jitsu, capoeira e Tae kwon do. J\u00e1 entre as escolas participantes, Mois\u00e9s Bohana, S\u00e1 Pereira, Col\u00e9gio Modelo, Paulo Am\u00e9rico, F\u00e1bio Araripe, Ceamev, Rotary, Col\u00e9gio da Pol\u00edcia Militar (CPM), Cear\u00e1, Santa \u00c2ngela e Grupo Escolar Padre Luiz Palmeira, entre outros. <\/p>\n<p>O superintendente municipal de Esportes, Alberto Kruschewsky, informa que, na quarta edi\u00e7\u00e3o dos Jogos Estudantis da Rede P\u00fablica (Jerp), resultado de uma grande parceria entre o Governo do Estado e a Prefeitura de Ilh\u00e9us, as competi\u00e7\u00f5es est\u00e3o sendo disputadas por jovens na faixa et\u00e1ria de 12 a 14 e de 15 a 17 anos. Segundo o superintendente, \u201cneste primeiro momento, estamos tendo apenas a participa\u00e7\u00e3o da rede p\u00fablica. Contudo, em outubro, realizaremos os Jerppi, Jogos Estudantis da Rede P\u00fablica e Privada, com convites tamb\u00e9m para as escolas particulares\u201d, completa.<\/p>\n<p><strong>Aula inaugural do Projeto \u201cViva V\u00f4lei\u201d acontecer\u00e1 na pr\u00f3xima 4\u00aa feira em Ilh\u00e9us<\/strong><\/p>\n<p>Com a presen\u00e7a de representantes da Confedera\u00e7\u00e3o Brasileira (CBV) e da Federa\u00e7\u00e3o Baiana de Voleibol (FBV), ser\u00e1 realizada na pr\u00f3xima quarta-feira (17), no Gin\u00e1sio de Esportes Herval Soledade, na avenida Canavieiras, em Ilh\u00e9us, a aula inaugural do Projeto \u201cViva V\u00f4lei\u201d. Voltado para crian\u00e7as e adolescentes de 7 a 14 anos, oriundos de comunidades carentes dos munic\u00edpios beneficiados, o projeto tem a proposta de utilizar a modalidade esportiva como instrumento de educa\u00e7\u00e3o e de socializa\u00e7\u00e3o.<\/p>\n<p>Segundo informa\u00e7\u00f5es do superintendente de Esportes da Prefeitura de Ilh\u00e9us, Alberto Kruschewsky, as pessoas que atuar\u00e3o no projeto, como estagi\u00e1rios e professores de Educa\u00e7\u00e3o F\u00edsica, j\u00e1 foram submetidas a treinamento com prepostos da Federa\u00e7\u00e3o e da Confedera\u00e7\u00e3o de Voleibol. \u201cPor outro lado, o material que ser\u00e1 utilizado, incluindo redes e bolas, j\u00e1 foi enviado pela CBV e, atualmente, encontra-se guardado no Parque Desportivo da Universidade Estadual de Santa Cruz, uma vez que pretendemos \u2018casar\u2019 esta iniciativa com outro projeto de extens\u00e3o da pr\u00f3pria Uesc\u201d, comenta Kruschewsky.<\/p>\n<p>De acordo com a programa\u00e7\u00e3o inicialmente divulgada, por volta das 9 horas, ser\u00e1 formada a mesa, que dever\u00e1 reunir autoridades, patrocinadores e desportistas. Meia hora depois, ser\u00e1 executado o Hino Nacional Brasileiro, com eventuais pronunciamentos na sequ\u00eancia. \u00c0s 10 horas, com \u00eanfase para atividades l\u00fadicas e recreativas, bem como para demonstra\u00e7\u00f5es de t\u00e9cnicas e fundamentos, acontecer\u00e1 a apresenta\u00e7\u00e3o das 24 crian\u00e7as e adolescentes que estar\u00e3o participando do Projeto \u201cViva V\u00f4lei\u201d. Por volta das 11 horas, haver\u00e1 apresenta\u00e7\u00e3o de grupos locais; 12 horas, sorteio de brindes; 13 horas, distribui\u00e7\u00e3o de lanches para as crian\u00e7as e adolescentes; e 13h30min, encerramento.<\/p>\n<p><strong>Telecentro em Ilh\u00e9us anuncia novos cursos EAD  e disponiliza hor\u00e1rio diferenciado para inscri\u00e7\u00f5es<\/strong><\/p>\n<p>A Secretaria Nacional de Seguran\u00e7a P\u00fablica (Senasp) inicia no pr\u00f3ximo dia 16 as inscri\u00e7\u00f5es para os cursos \u00e0 dist\u00e2ncia disponibilizados aos telecentros para agentes de seguran\u00e7a p\u00fablica de todo Brasil. Ao todo, s\u00e3o oferecidas 200 mil vagas para diversos cursos, entre eles Opera\u00e7\u00f5es de Paz e Policiamento Internacional (OPPI), Uso Diferenciado da For\u00e7a (UDF &#8211; antigo UPFVA) e Viol\u00eancia, Criminalidade e Preven\u00e7\u00e3o (VCPVN &#8211; antigo UPFVA).<\/p>\n<p>Em Ilh\u00e9us, os cursos s\u00e3o realizados no Telecentro Luzinete Alves Aragon, localizado em uma das salas anexas ao Gin\u00e1sio de Esportes Herval Soledade, centro da cidade. As inscri\u00e7\u00f5es ser\u00e3o divididas em duas etapas, segundo informou o gerente do \u00f3rg\u00e3o em Ilh\u00e9us, Robson Magalh\u00e3es. \u201cNa primeira etapa, de 16 a 18, ser\u00e1 permitida apenas uma inscri\u00e7\u00e3o por aluno. Se no final do dia 18 n\u00e3o forem alcan\u00e7adas as 200 mil inscri\u00e7\u00f5es previstas, ser\u00e1 aberta a segunda etapa entre os dias 19 e 20 para completar as vagas dispon\u00edveis\u201d. Nessa 2\u00aa etapa, os alunos j\u00e1 cadastrados e n\u00e3o evadidos no ciclo anterior poder\u00e3o se inscrever em um segundo curso at\u00e9 completar o limite de vagas. <\/p>\n<p>O gerente Robson Magalh\u00e3es recomenda, entretanto, que os interessados efetivem a inscri\u00e7\u00e3o do curso desejado no primeiro dia de abertura das inscri\u00e7\u00f5es, dia 16, \u201cj\u00e1 que as vagas estar\u00e3o dispon\u00edveis para agentes da seguran\u00e7a p\u00fablica de todo territ\u00f3rio nacional e s\u00e3o extremamente concorridas\u201d. As inscri\u00e7\u00f5es ser\u00e3o feitas atrav\u00e9s do site http:\/\/ead.senasp.gov.br, em qualquer computador ou no espa\u00e7o do Telecentro das 8 \u00e0s 18 horas e ainda pelo link dispon\u00edvel no blog do telecentro: telecentroilheus.wordpress.com<\/p>\n<p>Neste novo ciclo, tamb\u00e9m ser\u00e3o oferecidos tr\u00eas novos cursos: Espanhol 2 (ESP2), Programas de Prote\u00e7\u00e3o a Crian\u00e7as e Adolescentes Amea\u00e7ados de morte (PPCAAM) e A\u00e7\u00f5es para o Controle de Armas (APCA). Outros cursos j\u00e1 oferecidos tamb\u00e9m passaram por mudan\u00e7as, ainda de acordo com Robson Magalh\u00e3es. O curso Opera\u00e7\u00f5es de Paz e Policiamento Internacional (OPPI), antes reservado, ser\u00e1 aberto com n\u00famero limitado de vagas. O curso de Direitos Humanos (DH) deixar\u00e1 de existir como curso aut\u00f4nomo e ser\u00e1 incorporado como material complementar ao curso Filosofia dos Direitos Humanos Aplicados \u00e0 Atua\u00e7\u00e3o Policial \u2013 FDHAP.<\/p>\n<p>Em Ilh\u00e9us, cerca de 150 agentes de seguran\u00e7a p\u00fablica, boa parte deles guardas municipais, j\u00e1 foram beneficiados com cursos da rede EAD\/Senasp. O Telecentro Luzinete Alves Aragon, em parceria Guarda Civil Municipal, como parte do processo de forma\u00e7\u00e3o continuada realiza, ainda, a qualifica\u00e7\u00e3o do Grupamento Tur\u00edstico composto por guardas municipais, que ser\u00e3o inscritos nos cursos de Ingl\u00eas e Espanhol disponibilizados pela Rede EAD\/Senasp. <\/p>\n<p>Hor\u00e1rio excepcional para as inscri\u00e7\u00f5es em Ilh\u00e9us &#8211; Com o intuito de facilitar o acesso dos agentes de seguran\u00e7a p\u00fablica que n\u00e3o possuem acesso facilitado \u00e0 internet, o Telecentro Luzinete Alves Aragon estar\u00e1 realizando inscri\u00e7\u00f5es em hor\u00e1rio excepcional, de 00h01min do dia 16 \u00e0s 2 horas da mesma madrugada, retornando suas atividades no per\u00edodo normal de expediente no dia 17, das 8 \u00e0s 18 horas. Para acompanhar as v\u00eddeoaulas \u00e9 necess\u00e1ria a utiliza\u00e7\u00e3o de fone de ouvido que dever\u00e1 ser providenciado por cada aluno. D\u00favidas e maiores informa\u00e7\u00f5es podem ser obtidas pelo telefone (73) 3231 \u2013 1228 ou pelos e-mails: telecentrosenasp@ilheus.ba.gov.br ou robsonmagalhaes@ilheus.ba.gov.br<\/p>\n","protected":false},"excerpt":{"rendered":"<p>Prefeito de Ilh\u00e9us \u00e9 convidado a participar de eventos de chocolate Familiares do escritor e atores de \u201cDona Flor\u201d participam de bate papo sobre document\u00e1rio Excelente p\u00fablico vem prestigiando todos os dias os Jogos Estudantis da Rede P\u00fablica Aula inaugural do Projeto \u201cViva V\u00f4lei\u201d acontecer\u00e1 na pr\u00f3xima 4\u00aa feira em Ilh\u00e9us Telecentro em Ilh\u00e9us anuncia [&hellip;]<\/p>\n","protected":false},"author":2,"featured_media":0,"comment_status":"open","ping_status":"open","sticky":false,"template":"","format":"standard","meta":{"_links_to":"","_links_to_target":""},"categories":[23],"tags":[],"_links":{"self":[{"href":"https:\/\/www.r2cpress.com.br\/v1\/wp-json\/wp\/v2\/posts\/21742"}],"collection":[{"href":"https:\/\/www.r2cpress.com.br\/v1\/wp-json\/wp\/v2\/posts"}],"about":[{"href":"https:\/\/www.r2cpress.com.br\/v1\/wp-json\/wp\/v2\/types\/post"}],"author":[{"embeddable":true,"href":"https:\/\/www.r2cpress.com.br\/v1\/wp-json\/wp\/v2\/users\/2"}],"replies":[{"embeddable":true,"href":"https:\/\/www.r2cpress.com.br\/v1\/wp-json\/wp\/v2\/comments?post=21742"}],"version-history":[{"count":3,"href":"https:\/\/www.r2cpress.com.br\/v1\/wp-json\/wp\/v2\/posts\/21742\/revisions"}],"predecessor-version":[{"id":21746,"href":"https:\/\/www.r2cpress.com.br\/v1\/wp-json\/wp\/v2\/posts\/21742\/revisions\/21746"}],"wp:attachment":[{"href":"https:\/\/www.r2cpress.com.br\/v1\/wp-json\/wp\/v2\/media?parent=21742"}],"wp:term":[{"taxonomy":"category","embeddable":true,"href":"https:\/\/www.r2cpress.com.br\/v1\/wp-json\/wp\/v2\/categories?post=21742"},{"taxonomy":"post_tag","embeddable":true,"href":"https:\/\/www.r2cpress.com.br\/v1\/wp-json\/wp\/v2\/tags?post=21742"}],"curies":[{"name":"wp","href":"https:\/\/api.w.org\/{rel}","templated":true}]}}