{"id":21750,"date":"2011-08-11T14:24:34","date_gmt":"2011-08-11T17:24:34","guid":{"rendered":"http:\/\/www.r2cpress.com.br\/v1\/?p=21750"},"modified":"2011-08-11T14:24:34","modified_gmt":"2011-08-11T17:24:34","slug":"aviso-de-teleconferencia","status":"publish","type":"post","link":"https:\/\/www.r2cpress.com.br\/v1\/2011\/08\/11\/aviso-de-teleconferencia\/","title":{"rendered":"Aviso de teleconfer\u00eancia"},"content":{"rendered":"<h1><strong><\/p>\n<p>Tema do dia 15 &#8211; revis\u00e3o cadastral e auditorias<br \/>\ndo Bolsa Fam\u00edlia &#8211; esclarece gestores e munic\u00edpios<br \/>\nsobre qualifica\u00e7\u00e3o do Cadastro \u00danico <\/strong><\/h1>\n<p><em>\u00a0 <\/em> <strong>Bras\u00edlia, 11 <\/strong>&#8211; O Minist\u00e9rio do Desenvolvimento Social e Combate \u00e0 Fome (MDS) realiza nesta segunda-feira (15), das 10h \u00e0s 11h30, teleconfer\u00eancia sobre revis\u00e3o cadastral e auditorias do Programa Bolsa Fam\u00edlia.<\/p>\n<p>O evento ser\u00e1 transmitido ao vivo pela NBR, a TV do governo federal. O objetivo \u00e9 esclarecer gestores e munic\u00edpios sobre a\u00e7\u00f5es de qualifica\u00e7\u00e3o do Cadastro \u00danico, incluindo a revis\u00e3o cadastral, entre outros temas.<\/p>\n<p>Participam da teleconfer\u00eancia, Tiago Falc\u00e3o, secret\u00e1rio nacional de Renda de Cidadania, Let\u00edcia Bartholo, diretora do Cadastro \u00danico, Walter Emura, diretor de Benef\u00edcios do Bolsa Fam\u00edlia e Roberto Pojo, coordenador geral de Revis\u00e3o de Benef\u00edcios.<\/p>\n<p>A transmiss\u00e3o ocorrer\u00e1 tamb\u00e9m pela internet. O p\u00fablico poder\u00e1 formular perguntas e participar por telefone e correio eletr\u00f4nico, que ser\u00e3o divulgados no in\u00edcio do programa.<\/p>\n<p>A capta\u00e7\u00e3o do sinal da NBR poder\u00e1 ser feita de v\u00e1rias formas:<\/p>\n<p>1) pelo canal 146 da Sky TV e canais da NET (TV a cabo por assinatura);<\/p>\n<p>2) ao vivo pela internet, nos portais da EBC (<a href=\"http:\/\/www.ebcservicos.ebc.com.br\/veiculos\/nbr\/nbr-ao-vivo\" target=\"_blank\">http:\/\/www.ebcservicos.ebc.<wbr>com.br\/veiculos\/nbr\/nbr-ao-<\/wbr><wbr>vivo<\/wbr><\/a>) e da Presid\u00eancia da Rep\u00fablica (<a href=\"http:\/\/www.imprensa.planalto.gov.br\/\" target=\"_blank\">www.imprensa.planalto.gov.br<\/a>)<\/p>\n<p><wbr>;<\/p>\n<p>3) Pelo Twitter (<a href=\"http:\/\/www.twitter.com\/tvnbr\" target=\"_blank\">www.twitter.com\/tvnbr<\/a>) e YouTube (<a href=\"http:\/\/www.youtube.com\/TVNBR\" target=\"_blank\">www.youtube.com\/TVNBR<\/a>);<\/p>\n<p>4) link do stream <a href=\"http:\/\/200.130.35.33:6500\/nbr.wmv?data_proto=http%20&amp;rota=200.130.15.55_7007&amp;encoder=wme&amp;format=wmv&amp;resource=\/nbr.wmv\" target=\"_blank\">http:\/\/200.130.35.33:6500\/nbr.<wbr>wmv?data_proto=http<br \/>\n&amp;rota=200.130.15.55_7007&amp;<\/wbr><wbr>encoder=wme&amp;format=wmv&amp;<\/wbr><wbr>resource=\/nbr.wmv<\/wbr><\/a><\/wbr>;<\/p>\n<p>5) link de acesso <a href=\"http:\/\/www.radiobras.gov.br\/estatico\/tv_nbr.htm#\" target=\"_blank\">http:\/\/www.radiobras.gov.br\/<wbr>estatico\/tv_nbr.htm#<\/wbr><\/a>.<\/p>\n<p><em>Mais informa\u00e7\u00f5es<br \/>\nAscom\/MDS <\/em><\/p>\n","protected":false},"excerpt":{"rendered":"<p>Tema do dia 15 &#8211; revis\u00e3o cadastral e auditorias do Bolsa Fam\u00edlia &#8211; esclarece gestores e munic\u00edpios sobre qualifica\u00e7\u00e3o do Cadastro \u00danico \u00a0 Bras\u00edlia, 11 &#8211; O Minist\u00e9rio do Desenvolvimento Social e Combate \u00e0 Fome (MDS) realiza nesta segunda-feira (15), das 10h \u00e0s 11h30, teleconfer\u00eancia sobre revis\u00e3o cadastral e auditorias do Programa Bolsa Fam\u00edlia. O [&hellip;]<\/p>\n","protected":false},"author":2,"featured_media":0,"comment_status":"open","ping_status":"open","sticky":false,"template":"","format":"standard","meta":{"_links_to":"","_links_to_target":""},"categories":[18],"tags":[],"_links":{"self":[{"href":"https:\/\/www.r2cpress.com.br\/v1\/wp-json\/wp\/v2\/posts\/21750"}],"collection":[{"href":"https:\/\/www.r2cpress.com.br\/v1\/wp-json\/wp\/v2\/posts"}],"about":[{"href":"https:\/\/www.r2cpress.com.br\/v1\/wp-json\/wp\/v2\/types\/post"}],"author":[{"embeddable":true,"href":"https:\/\/www.r2cpress.com.br\/v1\/wp-json\/wp\/v2\/users\/2"}],"replies":[{"embeddable":true,"href":"https:\/\/www.r2cpress.com.br\/v1\/wp-json\/wp\/v2\/comments?post=21750"}],"version-history":[{"count":3,"href":"https:\/\/www.r2cpress.com.br\/v1\/wp-json\/wp\/v2\/posts\/21750\/revisions"}],"predecessor-version":[{"id":21753,"href":"https:\/\/www.r2cpress.com.br\/v1\/wp-json\/wp\/v2\/posts\/21750\/revisions\/21753"}],"wp:attachment":[{"href":"https:\/\/www.r2cpress.com.br\/v1\/wp-json\/wp\/v2\/media?parent=21750"}],"wp:term":[{"taxonomy":"category","embeddable":true,"href":"https:\/\/www.r2cpress.com.br\/v1\/wp-json\/wp\/v2\/categories?post=21750"},{"taxonomy":"post_tag","embeddable":true,"href":"https:\/\/www.r2cpress.com.br\/v1\/wp-json\/wp\/v2\/tags?post=21750"}],"curies":[{"name":"wp","href":"https:\/\/api.w.org\/{rel}","templated":true}]}}