{"id":21771,"date":"2011-08-11T20:54:50","date_gmt":"2011-08-11T23:54:50","guid":{"rendered":"http:\/\/www.r2cpress.com.br\/v1\/?p=21771"},"modified":"2011-08-11T20:54:50","modified_gmt":"2011-08-11T23:54:50","slug":"copa-do-brasil-de-tae-kwon-do","status":"publish","type":"post","link":"https:\/\/www.r2cpress.com.br\/v1\/2011\/08\/11\/copa-do-brasil-de-tae-kwon-do\/","title":{"rendered":"COPA DO BRASIL  DE TAE KWON DO"},"content":{"rendered":"<p>De: leandro <tkdcapferreira @hotmail.com><br \/>\nAssunto: COPA DO BRASIL  DE TAE KWON DO<\/p>\n<p>Corpo da mensagem:<br \/>\nSera realizado nos dias dias 13 e 14 de Agosto de 2011 em Fortaleza &#8211; CE, a Copa do Brasil de Tae Kwon Do,  segundo campeonato mais importante do ano. A Bahia ser\u00e1 representada por 13 atletas sendo um deles o Ilheense Guilherme Sampaio na categoria &#8211; 54kg. O Atleta de Ilh\u00e9us vem de um \u00f3timo resultado conquistado em Julho em Rond\u00f4nia quando terminou a competi\u00e7\u00e3o em 3\u00ba lugar.<\/p>\n<p>Boa sorte a toda delega\u00e7\u00e3o e que lutem como verdadeiros guerreiros.<\/p>\n<p>&#8212;<br \/>\nEsta mensagem foi enviada atrav\u00e9s do formul\u00e1rio de contato do site R2CPRESS | A Letra Fria da Verdade http:\/\/www.r2cpress.com.br\/v1<\/tkdcapferreira><\/p>\n","protected":false},"excerpt":{"rendered":"<p>De: leandro Assunto: COPA DO BRASIL DE TAE KWON DO Corpo da mensagem: Sera realizado nos dias dias 13 e 14 de Agosto de 2011 em Fortaleza &#8211; CE, a Copa do Brasil de Tae Kwon Do, segundo campeonato mais importante do ano. A Bahia ser\u00e1 representada por 13 atletas sendo um deles o Ilheense [&hellip;]<\/p>\n","protected":false},"author":2,"featured_media":0,"comment_status":"open","ping_status":"open","sticky":false,"template":"","format":"standard","meta":{"_links_to":"","_links_to_target":""},"categories":[10],"tags":[],"_links":{"self":[{"href":"https:\/\/www.r2cpress.com.br\/v1\/wp-json\/wp\/v2\/posts\/21771"}],"collection":[{"href":"https:\/\/www.r2cpress.com.br\/v1\/wp-json\/wp\/v2\/posts"}],"about":[{"href":"https:\/\/www.r2cpress.com.br\/v1\/wp-json\/wp\/v2\/types\/post"}],"author":[{"embeddable":true,"href":"https:\/\/www.r2cpress.com.br\/v1\/wp-json\/wp\/v2\/users\/2"}],"replies":[{"embeddable":true,"href":"https:\/\/www.r2cpress.com.br\/v1\/wp-json\/wp\/v2\/comments?post=21771"}],"version-history":[{"count":2,"href":"https:\/\/www.r2cpress.com.br\/v1\/wp-json\/wp\/v2\/posts\/21771\/revisions"}],"predecessor-version":[{"id":21773,"href":"https:\/\/www.r2cpress.com.br\/v1\/wp-json\/wp\/v2\/posts\/21771\/revisions\/21773"}],"wp:attachment":[{"href":"https:\/\/www.r2cpress.com.br\/v1\/wp-json\/wp\/v2\/media?parent=21771"}],"wp:term":[{"taxonomy":"category","embeddable":true,"href":"https:\/\/www.r2cpress.com.br\/v1\/wp-json\/wp\/v2\/categories?post=21771"},{"taxonomy":"post_tag","embeddable":true,"href":"https:\/\/www.r2cpress.com.br\/v1\/wp-json\/wp\/v2\/tags?post=21771"}],"curies":[{"name":"wp","href":"https:\/\/api.w.org\/{rel}","templated":true}]}}