{"id":21774,"date":"2011-08-12T08:32:51","date_gmt":"2011-08-12T11:32:51","guid":{"rendered":"http:\/\/www.r2cpress.com.br\/v1\/?p=21774"},"modified":"2011-08-12T08:32:51","modified_gmt":"2011-08-12T11:32:51","slug":"frustracao-de-sonho","status":"publish","type":"post","link":"https:\/\/www.r2cpress.com.br\/v1\/2011\/08\/12\/frustracao-de-sonho\/","title":{"rendered":"Frustra\u00e7\u00e3o de sonho."},"content":{"rendered":"<p><a href=\"http:\/\/www.r2cpress.com.br\/v1\/wp-content\/uploads\/J-Atl\u00e2ntico-II.jpg\"><img loading=\"lazy\" src=\"http:\/\/www.r2cpress.com.br\/v1\/wp-content\/uploads\/J-Atl\u00e2ntico-II-300x225.jpg\" alt=\"\" title=\"J Atl\u00e2ntico II\" width=\"300\" height=\"225\" class=\"alignleft size-medium wp-image-21775\" srcset=\"https:\/\/www.r2cpress.com.br\/v1\/wp-content\/uploads\/J-Atl\u00e2ntico-II-300x225.jpg 300w, https:\/\/www.r2cpress.com.br\/v1\/wp-content\/uploads\/J-Atl\u00e2ntico-II.jpg 480w\" sizes=\"(max-width: 300px) 100vw, 300px\" \/><\/a>Todo pai de fam\u00edlia projeta em seus sonhos dar uma condi\u00e7\u00e3o de vida melhor a sua c\u00e9lula familiar (esp\u00f4sa e filhos) e se poss\u00edvel aos demais familiares, assim tamb\u00e9m pensamos e lutamos h\u00e1 anos. Adqurimos im\u00f3veis que facultam a nossas fam\u00edlias conf\u00f4rto, seguran\u00e7a e tranq\u00fcilidade. Deus sabe, mas  depois de muito esf\u00f4r\u00e7o conseguimos.<\/p>\n<p>Escolhemos onde morar, mas n\u00e3o quem ser\u00e3o nossos vizinhos, felizmente podemos dizer que moramos num lugar tranq\u00fcilo, onde \u201cainda\u201d conseguimos preservar a paz e a boa conviv\u00eancia entre todos, onde nos cotizamos para manter a limpeza, seguran\u00e7a e o que for necess\u00e1rio para o bem estar dos que ali residem, este lugar \u00e9 o Loteamento Jardim Atl\u00e2ntico II.<\/p>\n<p> Para nossa ingrata surpresa, em um dos dois \u00faltimos lotes dispon\u00edveis, exatamente a Rua N, eis que surge uma obra, uma casa de eventos esta sendo levantada e s\u00f3 nos trar\u00e1 o infort\u00fanio de quebrar o sil\u00eancio e a tranq\u00fcilidade at\u00e9 agora preservados. Anteriormente este fato j\u00e1 foi denunciado, sendo que at\u00e9 o momento continuamos sem uma explica\u00e7\u00e3o l\u00f3gica e juridicamente correta das autoridades municipais, leia-se Alisson Mendon\u00e7a e Paulo Goulart, estes inadvertidamente assinaram os documentos autorizando o inicio da constru\u00e7\u00e3o (ALVAR\u00c1).<\/p>\n<p>Estamos cientes da import\u00e2ncia de novos empreendimentos para a regi\u00e3o e de seus benef\u00edcios, para a sociedade e os cidad\u00e3os, que a comp\u00f5em, mas neste caso as benesses est\u00e3o voltadas apenas para o empres\u00e1rio, o qual alega que promover\u00e1 eventos apenas para crian\u00e7as. Ora, nos perdoem os ing\u00eanuos, mas qual o empreendimento comercial voltado apenas para o p\u00fablico infantil que sobrevive numa cidade como a nossa querida Ilh\u00e9us, onde mesmo os espa\u00e7os para eventos para p\u00fablico de maior faixa et\u00e1ria est\u00e3o em dificuldades ou mesmo encerrando suas atividades. Problemas no tr\u00e2nsito desta \u00e1rea ir\u00e3o ocorrer, pois n\u00e3o existe espa\u00e7o para estacionamento que n\u00e3o seja dos moradores, em fun\u00e7\u00e3o de suas ruas estreitas que tamb\u00e9m n\u00e3o suportariam a eleva\u00e7\u00e3o do fluxo de ve\u00edculos circulando.Atrav\u00e9s de experi\u00eancia pr\u00f3pria ou acompanhando a m\u00eddia nacional, conhecemos o repert\u00f3rio musical da turma mais jovem ,que invariavelmente fere os nossos ouvidos,principalmente em volume alt\u00edssimo.<\/p>\n<p>Temos esperan\u00e7a que os encarregados revejam o ato administrativo, que por falta de assessoria, possibilitou um fato deste, pois n\u00e3o quero acreditar que existam outros interesses.<\/p>\n<p>PAULO ROBERTO HOOG DE S\u00c1<br \/>\nAssocia\u00e7\u00e3o de Moradores do J. Atl\u00e2ntico II<\/p>\n<p>&#8212;<br \/>\nEsta mensagem foi enviada atrav\u00e9s do formul\u00e1rio de contato do site R2CPRESS | A Letra Fria da Verdade http:\/\/www.r2cpress.com.br\/v1<\/p>\n","protected":false},"excerpt":{"rendered":"<p>Todo pai de fam\u00edlia projeta em seus sonhos dar uma condi\u00e7\u00e3o de vida melhor a sua c\u00e9lula familiar (esp\u00f4sa e filhos) e se poss\u00edvel aos demais familiares, assim tamb\u00e9m pensamos e lutamos h\u00e1 anos. Adqurimos im\u00f3veis que facultam a nossas fam\u00edlias conf\u00f4rto, seguran\u00e7a e tranq\u00fcilidade. Deus sabe, mas depois de muito esf\u00f4r\u00e7o conseguimos. Escolhemos onde [&hellip;]<\/p>\n","protected":false},"author":2,"featured_media":0,"comment_status":"open","ping_status":"open","sticky":false,"template":"","format":"standard","meta":{"_links_to":"","_links_to_target":""},"categories":[10],"tags":[],"_links":{"self":[{"href":"https:\/\/www.r2cpress.com.br\/v1\/wp-json\/wp\/v2\/posts\/21774"}],"collection":[{"href":"https:\/\/www.r2cpress.com.br\/v1\/wp-json\/wp\/v2\/posts"}],"about":[{"href":"https:\/\/www.r2cpress.com.br\/v1\/wp-json\/wp\/v2\/types\/post"}],"author":[{"embeddable":true,"href":"https:\/\/www.r2cpress.com.br\/v1\/wp-json\/wp\/v2\/users\/2"}],"replies":[{"embeddable":true,"href":"https:\/\/www.r2cpress.com.br\/v1\/wp-json\/wp\/v2\/comments?post=21774"}],"version-history":[{"count":2,"href":"https:\/\/www.r2cpress.com.br\/v1\/wp-json\/wp\/v2\/posts\/21774\/revisions"}],"predecessor-version":[{"id":21777,"href":"https:\/\/www.r2cpress.com.br\/v1\/wp-json\/wp\/v2\/posts\/21774\/revisions\/21777"}],"wp:attachment":[{"href":"https:\/\/www.r2cpress.com.br\/v1\/wp-json\/wp\/v2\/media?parent=21774"}],"wp:term":[{"taxonomy":"category","embeddable":true,"href":"https:\/\/www.r2cpress.com.br\/v1\/wp-json\/wp\/v2\/categories?post=21774"},{"taxonomy":"post_tag","embeddable":true,"href":"https:\/\/www.r2cpress.com.br\/v1\/wp-json\/wp\/v2\/tags?post=21774"}],"curies":[{"name":"wp","href":"https:\/\/api.w.org\/{rel}","templated":true}]}}