{"id":21781,"date":"2011-08-12T08:39:16","date_gmt":"2011-08-12T11:39:16","guid":{"rendered":"http:\/\/www.r2cpress.com.br\/v1\/?p=21781"},"modified":"2011-08-12T08:39:16","modified_gmt":"2011-08-12T11:39:16","slug":"ficc-exibe-documentario-%e2%80%9cjorge-amado%e2%80%9d-no-centro-de-cultura-adonias-filho","status":"publish","type":"post","link":"https:\/\/www.r2cpress.com.br\/v1\/2011\/08\/12\/ficc-exibe-documentario-%e2%80%9cjorge-amado%e2%80%9d-no-centro-de-cultura-adonias-filho\/","title":{"rendered":"FICC EXIBE  DOCUMENT\u00c1RIO  \u201cJORGE AMADO\u201d NO CENTRO DE CULTURA ADONIAS FILHO"},"content":{"rendered":"<p>A Funda\u00e7\u00e3o Itabunense de Cultura e Cidadania, FICC, promover\u00e1 a exibi\u00e7\u00e3o do document\u00e1rio JORGE AMADO,  do cineasta Jo\u00e3o Moreira Salles, no dia 24, \u00e0s 19,30 horas, no Centro de Cultura Adonias Filho. O filme \u00e9 considerado pela cr\u00edtica como um dos mais importantes sobre o consagrado romancista, que levou com seus livros as hist\u00f3rias do povo baiano e da regi\u00e3o cacaueira para os quatro cantos do mundo. A entrada \u00e9 franca. <\/p>\n<p>O filme aborda a trajet\u00f3ria do escritor, suas obras, suas experi\u00eancias e seu ponto de vista ideol\u00f3gico voltado para a defesa da religi\u00e3o afro-brasileira e das gentes das classes menos favorecidas. Participam do document\u00e1rio, entre outros personagens,  Z\u00e9lia Gatai, Chico Buarque, Gilberto Gil, Jo\u00e3o Ubaldo Ribeiro, Pierre Verger e Calasans Neto. <\/p>\n<p> \u201cUma vez um cr\u00edtico, querendo diminuir minha literatura,  disse que eu n\u00e3o passava de um romancista de putas e vagabundos. Nunca ningu\u00e9m me fez um elogio maior. Eu sou um romancista de putas e vagabundos\u201d, Observa Jorge Amado em uma das passagens do document\u00e1rio. <\/p>\n<p>Para o presidente da Funda\u00e7\u00e3o Itabunense de Cultura e Cidadania (Ficc), Cyro de Mattos, esse document\u00e1rio dirigido por Jo\u00e3o Moreira Sales \u00e9 de alto n\u00edvel art\u00edstico, mostrando a grandeza do homem Jorge amado ao lutar durante toda sua vida contra o racismo e todo tipo de preconceito contra os humilhados e oprimidos na dura lei da vida.  <\/p>\n","protected":false},"excerpt":{"rendered":"<p>A Funda\u00e7\u00e3o Itabunense de Cultura e Cidadania, FICC, promover\u00e1 a exibi\u00e7\u00e3o do document\u00e1rio JORGE AMADO, do cineasta Jo\u00e3o Moreira Salles, no dia 24, \u00e0s 19,30 horas, no Centro de Cultura Adonias Filho. O filme \u00e9 considerado pela cr\u00edtica como um dos mais importantes sobre o consagrado romancista, que levou com seus livros as hist\u00f3rias do [&hellip;]<\/p>\n","protected":false},"author":2,"featured_media":0,"comment_status":"open","ping_status":"open","sticky":false,"template":"","format":"standard","meta":{"_links_to":"","_links_to_target":""},"categories":[5],"tags":[],"_links":{"self":[{"href":"https:\/\/www.r2cpress.com.br\/v1\/wp-json\/wp\/v2\/posts\/21781"}],"collection":[{"href":"https:\/\/www.r2cpress.com.br\/v1\/wp-json\/wp\/v2\/posts"}],"about":[{"href":"https:\/\/www.r2cpress.com.br\/v1\/wp-json\/wp\/v2\/types\/post"}],"author":[{"embeddable":true,"href":"https:\/\/www.r2cpress.com.br\/v1\/wp-json\/wp\/v2\/users\/2"}],"replies":[{"embeddable":true,"href":"https:\/\/www.r2cpress.com.br\/v1\/wp-json\/wp\/v2\/comments?post=21781"}],"version-history":[{"count":2,"href":"https:\/\/www.r2cpress.com.br\/v1\/wp-json\/wp\/v2\/posts\/21781\/revisions"}],"predecessor-version":[{"id":21783,"href":"https:\/\/www.r2cpress.com.br\/v1\/wp-json\/wp\/v2\/posts\/21781\/revisions\/21783"}],"wp:attachment":[{"href":"https:\/\/www.r2cpress.com.br\/v1\/wp-json\/wp\/v2\/media?parent=21781"}],"wp:term":[{"taxonomy":"category","embeddable":true,"href":"https:\/\/www.r2cpress.com.br\/v1\/wp-json\/wp\/v2\/categories?post=21781"},{"taxonomy":"post_tag","embeddable":true,"href":"https:\/\/www.r2cpress.com.br\/v1\/wp-json\/wp\/v2\/tags?post=21781"}],"curies":[{"name":"wp","href":"https:\/\/api.w.org\/{rel}","templated":true}]}}