{"id":21804,"date":"2011-08-12T13:39:32","date_gmt":"2011-08-12T16:39:32","guid":{"rendered":"http:\/\/www.r2cpress.com.br\/v1\/?p=21804"},"modified":"2011-08-12T13:39:32","modified_gmt":"2011-08-12T16:39:32","slug":"abrigo-de-ilheus-agradece-apoio-da-cidade-ao-iv-encontro-das-artes","status":"publish","type":"post","link":"https:\/\/www.r2cpress.com.br\/v1\/2011\/08\/12\/abrigo-de-ilheus-agradece-apoio-da-cidade-ao-iv-encontro-das-artes\/","title":{"rendered":"Abrigo de Ilh\u00e9us agradece apoio da cidade ao IV Encontro das Artes"},"content":{"rendered":"<div id=\"attachment_21805\" style=\"width: 310px\" class=\"wp-caption aligncenter\"><a href=\"http:\/\/www.r2cpress.com.br\/v1\/wp-content\/uploads\/MONT-CAPA-SITE86.jpg\"><img aria-describedby=\"caption-attachment-21805\" loading=\"lazy\" src=\"http:\/\/www.r2cpress.com.br\/v1\/wp-content\/uploads\/MONT-CAPA-SITE86-300x166.jpg\" alt=\"\" title=\"MONT CAPA SITE\" width=\"300\" height=\"166\" class=\"size-medium wp-image-21805\" srcset=\"https:\/\/www.r2cpress.com.br\/v1\/wp-content\/uploads\/MONT-CAPA-SITE86-300x166.jpg 300w, https:\/\/www.r2cpress.com.br\/v1\/wp-content\/uploads\/MONT-CAPA-SITE86.jpg 1024w\" sizes=\"(max-width: 300px) 100vw, 300px\" \/><\/a><p id=\"caption-attachment-21805\" class=\"wp-caption-text\">Clique para AMPLIAR.<\/p><\/div>\n<p>     Ao encerrar o IV Encontro das Artes de Ilh\u00e9us, a presidente do Abrigo S\u00e3o Vicente de Paulo, professora Marileide de Oliveira Souza, agradeceu todo o apoio recebido pela institui\u00e7\u00e3o para a realiza\u00e7\u00e3o do evento, cujo objetivo foi valorizar diversas manifesta\u00e7\u00f5es art\u00edsticas locais e arrecadar recursos para a manuten\u00e7\u00e3o do lar de idosos. O evento aconteceu no per\u00edodo de 29 de julho a 7 de agosto, na avenida Soares Lopes, no centro da cidade.<\/p>\n<p>     Coordenado pelo casal de empres\u00e1rios Eduardo e Celeste Chalhoub e produzido por Telma Moura, o IV Encontro contou com a apresenta\u00e7\u00e3o de diversos artistas, como Itassucy, Luciano de Lucas, a banda Z\u00e9 Pretinho e Amigos, Fam\u00edlia Teles e Marcos C\u00f4rrea, Jane Poeta, Ricardo Maciel, Tito Moreno, Robson Carvalho, Bebeto, Amanda Andrade, Alexandro Costa, Joana Carvalho, Hugo Monteiro, Mo\u00e1 e Mimi, e o trio Dalmiro Silva, M\u00e1rcia Campelo e Mois\u00e9s Teles, que relembrou can\u00e7\u00f5es dos anos 60.<\/p>\n<p><!--more--><\/p>\n<p>    Tamb\u00e9m abrilhantaram o evento a Escola de Dan\u00e7a e Ballet Soanne Marry, Rafaela Canabrava com a dan\u00e7a do ventre, o Ballet Conex\u00e3o com a professora Luiza Anuncia\u00e7\u00e3o, Grupo Space Dance e o Studio Aisha Gaby da professora Ana Paula Galv\u00e3o, que deixaram o p\u00fablico encantado com as coreografias e figurinos, alegrando e colorindo as noites. Al\u00e9m da atriz Janete Lainha, que abriu e encerrou o encontro com performances teatrais, novos talentos dos col\u00e9gios IME, Ceamev, F\u00eanix e Estadual de Ilh\u00e9us, se apresentaram no palco das artes, contribuindo para o sucesso do evento.   <\/p>\n<p>    O IV Encontro das Artes de Ilh\u00e9us reuniu cerca de 30 expositores das \u00e1reas de artesanato, costura, pintura, literatura, culin\u00e1ria, entre outros, que comercializaram e divulgaram seus produtos e ainda colaboraram com a causa dos idosos. Toda a estrutura foi cedida pela Solar Toldos, do empres\u00e1rio Antonio Cavalcanti, que integra a diretoria da institui\u00e7\u00e3o. O projeto arquitet\u00f4nico foi de L\u00f4lo Mendon\u00e7a.  <\/p>\n<p>     A realiza\u00e7\u00e3o do evento se tornou poss\u00edvel em virtude do apoio da Prefeitura Municipal de Ilh\u00e9us, atrav\u00e9s das secretarias de Turismo e de Infraestrutura, Gr\u00e1fica Azul, Lumiplac, Sonoriza\u00e7\u00e3o Quinto de Souza, Disk Tape Sonoriza\u00e7\u00e3o, Nina Flor, fam\u00edlia Albagli, Virg\u00edlio Amorim, o decorador Eduard\u00e3o Amorim e amigos do abrigo que doaram tortas e outros produtos.    <\/p>\n","protected":false},"excerpt":{"rendered":"<p>Ao encerrar o IV Encontro das Artes de Ilh\u00e9us, a presidente do Abrigo S\u00e3o Vicente de Paulo, professora Marileide de Oliveira Souza, agradeceu todo o apoio recebido pela institui\u00e7\u00e3o para a realiza\u00e7\u00e3o do evento, cujo objetivo foi valorizar diversas manifesta\u00e7\u00f5es art\u00edsticas locais e arrecadar recursos para a manuten\u00e7\u00e3o do lar de idosos. O evento aconteceu [&hellip;]<\/p>\n","protected":false},"author":2,"featured_media":0,"comment_status":"open","ping_status":"open","sticky":false,"template":"","format":"standard","meta":{"_links_to":"","_links_to_target":""},"categories":[28],"tags":[],"_links":{"self":[{"href":"https:\/\/www.r2cpress.com.br\/v1\/wp-json\/wp\/v2\/posts\/21804"}],"collection":[{"href":"https:\/\/www.r2cpress.com.br\/v1\/wp-json\/wp\/v2\/posts"}],"about":[{"href":"https:\/\/www.r2cpress.com.br\/v1\/wp-json\/wp\/v2\/types\/post"}],"author":[{"embeddable":true,"href":"https:\/\/www.r2cpress.com.br\/v1\/wp-json\/wp\/v2\/users\/2"}],"replies":[{"embeddable":true,"href":"https:\/\/www.r2cpress.com.br\/v1\/wp-json\/wp\/v2\/comments?post=21804"}],"version-history":[{"count":2,"href":"https:\/\/www.r2cpress.com.br\/v1\/wp-json\/wp\/v2\/posts\/21804\/revisions"}],"predecessor-version":[{"id":21807,"href":"https:\/\/www.r2cpress.com.br\/v1\/wp-json\/wp\/v2\/posts\/21804\/revisions\/21807"}],"wp:attachment":[{"href":"https:\/\/www.r2cpress.com.br\/v1\/wp-json\/wp\/v2\/media?parent=21804"}],"wp:term":[{"taxonomy":"category","embeddable":true,"href":"https:\/\/www.r2cpress.com.br\/v1\/wp-json\/wp\/v2\/categories?post=21804"},{"taxonomy":"post_tag","embeddable":true,"href":"https:\/\/www.r2cpress.com.br\/v1\/wp-json\/wp\/v2\/tags?post=21804"}],"curies":[{"name":"wp","href":"https:\/\/api.w.org\/{rel}","templated":true}]}}