{"id":21816,"date":"2011-08-12T20:00:18","date_gmt":"2011-08-12T23:00:18","guid":{"rendered":"http:\/\/www.r2cpress.com.br\/v1\/?p=21816"},"modified":"2011-08-12T16:25:44","modified_gmt":"2011-08-12T19:25:44","slug":"do-fundo-do-bau-de-jose-leite-especial-8","status":"publish","type":"post","link":"https:\/\/www.r2cpress.com.br\/v1\/2011\/08\/12\/do-fundo-do-bau-de-jose-leite-especial-8\/","title":{"rendered":"DO FUNDO DO BA\u00da DE JOS\u00c9 LEITE (ESPECIAL)"},"content":{"rendered":"<p><center><img SRC = \"http:\/\/www.r2cpress.com.br\/v1\/wp-content\/uploads\/tampa-do-ba%C3%BA-com-camisa.jpg\"\/><\/p>\n<p><strong>1)\tPADRE C\u00cdCERO, DR. GERALDO E O PAPAGAIO.<br \/>\n2)\tAS FOTOS DESTAQUES DA SEMANA.<\/strong><\/center><\/p>\n<p><!--more--><\/p>\n<p>Lembro-me do dia em que falei, pela primeira vez, com o Padre C\u00edcero. Estava para completar sete anos de idade e escapuli de casa sem que minha m\u00e3e soubesse, dirigindo-me ao casar\u00e3o do sacerdote, distante pouco menos de um quarteir\u00e3o. Levava um prop\u00f3sito em forma de sonho de crian\u00e7a. Entendi de pedir ao padre um dos seus bonitos papagaios faladores, trazidos pelos romeiros. <\/p>\n<p>A grande porta estava fechada, por\u00e9m, com ajuda de um dos devotos que enchiam a cal\u00e7ada, subi a janela alta e logo saltei na sala grande e dal\u00ed entrei no primeiro quarto. Parei diante de um velhinho de cabe\u00e7a recurvada, sentado numa rede, de m\u00e3os e queixo apoiados num cajado. Estava rodeado de romeiros que lhe falavam. T\u00e3o pr\u00f3ximo me coloquei que o sacerdote virou-se, olhando-me com pequeninos olhos de um azul que trazia a serenidade de um c\u00e9u ao amanhecer. Surpreso com a envolv\u00eancia daquele olhar, logo escutei sua voz bem mansa, bem calma:<\/p>\n<p>\t&#8211; E o meu amiguinho tamb\u00e9m \u00e9 romeiro?<\/p>\n<p>\tRespondi-lhe que n\u00e3o. Morava al\u00ed pertinho e que era filho de Jos\u00e9 Barbosa. Percebendo que alguma coisa n\u00e3o estava certa, por me encontrar al\u00ed desacompanhado, Padre C\u00edcero iniciou um di\u00e1logo que nunca esqueci.<\/p>\n<p>&#8211; Ora, muito bem. E o que anda fazendo por aqui, sozinho, o filho do meu compadre Z\u00e9 Barbosa?<\/p>\n<p>\tFoi o instante certo para lan\u00e7ar o meu pedido t\u00e3o sonhado.<\/p>\n<p>&#8211; Padim Ci\u00e7o, eu vim pedir ao senhor um papagaio&#8230;<\/p>\n<p>Ouve-se uma risada geral dos romeiros, escutando aquela conversa entre uma crian\u00e7a e um patriarca t\u00e3o famoso.<\/p>\n<p>&#8211; Muito bem&#8230; quer ganhar um papagaio&#8230; e o meu amiguinho j\u00e1 est\u00e1 na escola?<\/p>\n<p>Expliquei que estudava com dona Dorinha, lendo a carta do ABC.<\/p>\n<p>&#8211; Pois, preste aten\u00e7\u00e3o \u2013 disse-me o Padre \u2013 So vou lhe dar um papagaio quando estiver lendo a Cartilha \u2013 e passando a m\u00e3o sobre meus cabelos louros em desalinho, concluiu \u2013 Estude. Estude que voc\u00ea vai ser muito feliz. E quando chegar na Cartilha, mando-lhe um papagaio.<\/p>\n<p>Voltei para casa, triste. Minha m\u00e3e me procurava. Nada lhe revelei. Meses depois, chega a nossa porta uma servi\u00e7al da casa do Padre conduzindo no dedo um belo papagaio.<\/p>\n<p>&#8211; Padim Ci\u00e7o mandou deixar esse papagaio para o filho do seu Z\u00e9 Barbosa. <\/p>\n<p>Exultei de alegria. J\u00e1 nem me lembrava mais. Sei bem que lia a Cartilha e j\u00e1 escrevia frases. At\u00e9 1939, o papagaio permaneceu conosco, quando foi doado para o leil\u00e3o de Nossa Senhora, por motivo de mudan\u00e7a da fam\u00edlia para Fortaleza onde meu pai matriculou-me no Liceu do Cear\u00e1.<\/p>\n<p>Nas minhas grandes dificuldades de estudante pobre, confortava-me a lembran\u00e7a das palavras do Padre C\u00edcero: \u201cEstude que voc\u00ea vai ser muito feliz\u201d. Estudei. Venci. Conquistei minha formatura em Odontologia, al\u00e9m do Magist\u00e9rio e Jornalismo. Como me animou o saudoso patriarca, sou feliz, gra\u00e7as a Deus. Agrade\u00e7o aquele que me presenteou no meu sonho de inf\u00e2ncia e me estimulou ao caminho da educa\u00e7\u00e3o. <\/p>\n<p>ARTIGO ESCRITO POR DR. GERALDO MENEZES BARBOSA \u2013 Do Instituto Cultural do Vale Caririense, escritor, e Presidente da Comiss\u00e3o do Centen\u00e1rio.<br \/>\nPADRE C\u00cdCERO NASCEU EM 24-03-1844 E FALECEU EM 20-07-1934.<\/p>\n<p>&#8212;<\/p>\n<div id=\"attachment_21817\" style=\"width: 310px\" class=\"wp-caption aligncenter\"><a href=\"http:\/\/www.r2cpress.com.br\/v1\/wp-content\/uploads\/152.jpg\"><img aria-describedby=\"caption-attachment-21817\" loading=\"lazy\" src=\"http:\/\/www.r2cpress.com.br\/v1\/wp-content\/uploads\/152-300x193.jpg\" alt=\"\" title=\"UMA COMITIVA DE ILH\u00c9US em visita a JUAZEIRO DO NORTE NOS FESTEJOS DO CENTEN\u00c1RIO (22-07-2011) homenageou DR. GERALDO MENEZES BARSOSA presenteando-lhe com uma r\u00e9plica do seu papagaio. Na foto: da esquerda para direita: Prefeito NEWTON LIMA, DONA IN\u00caS TAVARES 1\u00aa dama, JOS\u00c9 LEITE, SOLANGE (com a r\u00e9plica do papagaio na m\u00e3o) e DENISE (Filhas de Dr. GERALDO), Dr. GERALDO e o Bispo de Ilh\u00e9us DOM MAURO MONTAGNOLI. Na foto Dr. GERALDO agradecendo (Foto: 23\/07\/2011).\" width=\"300\" height=\"193\" class=\"size-medium wp-image-21817\" srcset=\"https:\/\/www.r2cpress.com.br\/v1\/wp-content\/uploads\/152-300x193.jpg 300w, https:\/\/www.r2cpress.com.br\/v1\/wp-content\/uploads\/152.jpg 893w\" sizes=\"(max-width: 300px) 100vw, 300px\" \/><\/a><p id=\"caption-attachment-21817\" class=\"wp-caption-text\">UMA COMITIVA DE ILH\u00c9US em visita a JUAZEIRO DO NORTE NOS FESTEJOS DO CENTEN\u00c1RIO (22-07-2011) homenageou DR. GERALDO MENEZES BARSOSA presenteando-lhe com uma r\u00e9plica do seu papagaio. Na foto: da esquerda para direita: Prefeito NEWTON LIMA, DONA IN\u00caS TAVARES 1\u00aa dama, JOS\u00c9 LEITE, SOLANGE (com a r\u00e9plica do papagaio na m\u00e3o) e DENISE (Filhas de Dr. GERALDO), Dr. GERALDO e o Bispo de Ilh\u00e9us DOM MAURO MONTAGNOLI. Na foto Dr. GERALDO agradecendo (Foto: 23\/07\/2011).<\/p><\/div>\n<p><b><center>AS FOTOS DESTAQUES DA SEMANA<\/center><\/b><\/p>\n<div id=\"attachment_21818\" style=\"width: 310px\" class=\"wp-caption aligncenter\"><a href=\"http:\/\/www.r2cpress.com.br\/v1\/wp-content\/uploads\/223.jpg\"><img aria-describedby=\"caption-attachment-21818\" loading=\"lazy\" src=\"http:\/\/www.r2cpress.com.br\/v1\/wp-content\/uploads\/223-300x191.jpg\" alt=\"\" title=\"JOS\u00c9 LEITE entre os amigos Escritores e Historiadores: RENATO CASIMIRO e DANIEL WALKER e outras amigas. (Foto: Juazeiro do Norte 21-07-2011).\" width=\"300\" height=\"191\" class=\"size-medium wp-image-21818\" srcset=\"https:\/\/www.r2cpress.com.br\/v1\/wp-content\/uploads\/223-300x191.jpg 300w, https:\/\/www.r2cpress.com.br\/v1\/wp-content\/uploads\/223.jpg 897w\" sizes=\"(max-width: 300px) 100vw, 300px\" \/><\/a><p id=\"caption-attachment-21818\" class=\"wp-caption-text\">JOS\u00c9 LEITE entre os amigos Escritores e Historiadores: RENATO CASIMIRO e DANIEL WALKER e outras amigas. (Foto: Juazeiro do Norte 21-07-2011).<\/p><\/div>\n<div id=\"attachment_21819\" style=\"width: 310px\" class=\"wp-caption aligncenter\"><a href=\"http:\/\/www.r2cpress.com.br\/v1\/wp-content\/uploads\/324.jpg\"><img aria-describedby=\"caption-attachment-21819\" loading=\"lazy\" src=\"http:\/\/www.r2cpress.com.br\/v1\/wp-content\/uploads\/324-300x194.jpg\" alt=\"\" title=\"JOS\u00c9 LEITE e o orgulho do Pai JOS\u00c9 LEITE DE SOUZA FILHO. Inaugura\u00e7\u00e3o do Busto de Dr. FLORO BARTOLOMEU DA COSTA em JUAZEIRO DO NORTE. (Foto: 23\/07\/2011)\" width=\"300\" height=\"194\" class=\"size-medium wp-image-21819\" srcset=\"https:\/\/www.r2cpress.com.br\/v1\/wp-content\/uploads\/324-300x194.jpg 300w, https:\/\/www.r2cpress.com.br\/v1\/wp-content\/uploads\/324.jpg 899w\" sizes=\"(max-width: 300px) 100vw, 300px\" \/><\/a><p id=\"caption-attachment-21819\" class=\"wp-caption-text\">JOS\u00c9 LEITE e o orgulho do Pai JOS\u00c9 LEITE DE SOUZA FILHO. Inaugura\u00e7\u00e3o do Busto de Dr. FLORO BARTOLOMEU DA COSTA em JUAZEIRO DO NORTE. (Foto: 23\/07\/2011)<\/p><\/div>\n<div id=\"attachment_21820\" style=\"width: 249px\" class=\"wp-caption aligncenter\"><a href=\"http:\/\/www.r2cpress.com.br\/v1\/wp-content\/uploads\/422.jpg\"><img aria-describedby=\"caption-attachment-21820\" loading=\"lazy\" src=\"http:\/\/www.r2cpress.com.br\/v1\/wp-content\/uploads\/422-239x300.jpg\" alt=\"\" title=\"Meu amigo HANS SCHAEPPI e seu saudoso amigo JORGE AMADO que se vivo estivesse teria completado 99 anos no \u00faltimo dia 10\/08\/2011. ILH\u00c9US PRECISA HOMENAGEAR O SEU FILHO, JORGE, COM UM BONITO BUSTO (na pra\u00e7a Dom Eduardo ou na pra\u00e7a Luis Viana em frente ao Teatro) no ano do seu Centen\u00e1rio que acontecer\u00e1 no pr\u00f3ximo ano (2012).\" width=\"239\" height=\"300\" class=\"size-medium wp-image-21820\" srcset=\"https:\/\/www.r2cpress.com.br\/v1\/wp-content\/uploads\/422-239x300.jpg 239w, https:\/\/www.r2cpress.com.br\/v1\/wp-content\/uploads\/422-816x1024.jpg 816w, https:\/\/www.r2cpress.com.br\/v1\/wp-content\/uploads\/422.jpg 1184w\" sizes=\"(max-width: 239px) 100vw, 239px\" \/><\/a><p id=\"caption-attachment-21820\" class=\"wp-caption-text\">Meu amigo HANS SCHAEPPI e seu saudoso amigo JORGE AMADO que se vivo estivesse teria completado 99 anos no \u00faltimo dia 10\/08\/2011. ILH\u00c9US PRECISA HOMENAGEAR O SEU FILHO, JORGE, COM UM BONITO BUSTO (na pra\u00e7a Dom Eduardo ou na pra\u00e7a Luis Viana em frente ao Teatro) no ano do seu Centen\u00e1rio que acontecer\u00e1 no pr\u00f3ximo ano (2012).<\/p><\/div>\n<div id=\"attachment_21821\" style=\"width: 310px\" class=\"wp-caption aligncenter\"><a href=\"http:\/\/www.r2cpress.com.br\/v1\/wp-content\/uploads\/522.jpg\"><img aria-describedby=\"caption-attachment-21821\" loading=\"lazy\" src=\"http:\/\/www.r2cpress.com.br\/v1\/wp-content\/uploads\/522-300x164.jpg\" alt=\"\" title=\"FRANCISCO LEITE BEZERRA (FRAN\u00c7A) primo de JOS\u00c9 LEITE sendo recepcionado no BATACLAM pelo BAR\u00c3O DE POPOF. FRAN\u00c7A esteve em Ilh\u00e9us no \u00faltimo dia 08\/08\/2011  para implantar o programa CERTIFICADO DIGITAL para as empresas de Ilh\u00e9us. Na foto aparece tamb\u00e9m o jovem HERCULES, seu S\u00f3cio e JOS\u00c9 LEITE. (Foto: 08\/08\/2011)\" width=\"300\" height=\"164\" class=\"size-medium wp-image-21821\" srcset=\"https:\/\/www.r2cpress.com.br\/v1\/wp-content\/uploads\/522-300x164.jpg 300w, https:\/\/www.r2cpress.com.br\/v1\/wp-content\/uploads\/522.jpg 900w\" sizes=\"(max-width: 300px) 100vw, 300px\" \/><\/a><p id=\"caption-attachment-21821\" class=\"wp-caption-text\">FRANCISCO LEITE BEZERRA (FRAN\u00c7A) primo de JOS\u00c9 LEITE sendo recepcionado no BATACLAM pelo BAR\u00c3O DE POPOF. FRAN\u00c7A esteve em Ilh\u00e9us no \u00faltimo dia 08\/08\/2011  para implantar o programa CERTIFICADO DIGITAL para as empresas de Ilh\u00e9us. Na foto aparece tamb\u00e9m o jovem HERCULES, seu S\u00f3cio e JOS\u00c9 LEITE. (Foto: 08\/08\/2011)<\/p><\/div>\n<div id=\"attachment_21822\" style=\"width: 310px\" class=\"wp-caption aligncenter\"><a href=\"http:\/\/www.r2cpress.com.br\/v1\/wp-content\/uploads\/622.jpg\"><img aria-describedby=\"caption-attachment-21822\" loading=\"lazy\" src=\"http:\/\/www.r2cpress.com.br\/v1\/wp-content\/uploads\/622-300x194.jpg\" alt=\"\" title=\"Reuni\u00e3o na Associa\u00e7\u00e3o Comercial de Ilh\u00e9us com contadores para implanta\u00e7\u00e3o do Certificado Digital no Com\u00e9rcio de Ilh\u00e9us. (Foto: 08\/08\/2011)\" width=\"300\" height=\"194\" class=\"size-medium wp-image-21822\" srcset=\"https:\/\/www.r2cpress.com.br\/v1\/wp-content\/uploads\/622-300x194.jpg 300w, https:\/\/www.r2cpress.com.br\/v1\/wp-content\/uploads\/622.jpg 893w\" sizes=\"(max-width: 300px) 100vw, 300px\" \/><\/a><p id=\"caption-attachment-21822\" class=\"wp-caption-text\">Reuni\u00e3o na Associa\u00e7\u00e3o Comercial de Ilh\u00e9us com contadores para implanta\u00e7\u00e3o do Certificado Digital no Com\u00e9rcio de Ilh\u00e9us. (Foto: 08\/08\/2011)<\/p><\/div>\n<p><center>E NO MAIS&#8230;<\/center><\/p>\n<div id=\"attachment_21823\" style=\"width: 214px\" class=\"wp-caption aligncenter\"><a href=\"http:\/\/www.r2cpress.com.br\/v1\/wp-content\/uploads\/722.jpg\"><img aria-describedby=\"caption-attachment-21823\" loading=\"lazy\" src=\"http:\/\/www.r2cpress.com.br\/v1\/wp-content\/uploads\/722-204x300.jpg\" alt=\"\" title=\"Este ano n\u00e3o viajei, mas no pr\u00f3ximo estarei na festa do meu BOM JESUS DA LAPA. (Comemorada em 06\/08\/2011).\" width=\"204\" height=\"300\" class=\"size-medium wp-image-21823\" srcset=\"https:\/\/www.r2cpress.com.br\/v1\/wp-content\/uploads\/722-204x300.jpg 204w, https:\/\/www.r2cpress.com.br\/v1\/wp-content\/uploads\/722.jpg 601w\" sizes=\"(max-width: 204px) 100vw, 204px\" \/><\/a><p id=\"caption-attachment-21823\" class=\"wp-caption-text\">Este ano n\u00e3o viajei, mas no pr\u00f3ximo estarei na festa do meu BOM JESUS DA LAPA. (Comemorada em 06\/08\/2011).<\/p><\/div>\n<p>&#8212;<br \/>\nTexto e fotos: Jos\u00e9 Leite de Souza<br \/>\njleitesouza@hotmail.com <\/p>\n","protected":false},"excerpt":{"rendered":"<p>1) PADRE C\u00cdCERO, DR. GERALDO E O PAPAGAIO. 2) AS FOTOS DESTAQUES DA SEMANA.<\/p>\n","protected":false},"author":2,"featured_media":0,"comment_status":"open","ping_status":"open","sticky":false,"template":"","format":"standard","meta":{"_links_to":"","_links_to_target":""},"categories":[10],"tags":[],"_links":{"self":[{"href":"https:\/\/www.r2cpress.com.br\/v1\/wp-json\/wp\/v2\/posts\/21816"}],"collection":[{"href":"https:\/\/www.r2cpress.com.br\/v1\/wp-json\/wp\/v2\/posts"}],"about":[{"href":"https:\/\/www.r2cpress.com.br\/v1\/wp-json\/wp\/v2\/types\/post"}],"author":[{"embeddable":true,"href":"https:\/\/www.r2cpress.com.br\/v1\/wp-json\/wp\/v2\/users\/2"}],"replies":[{"embeddable":true,"href":"https:\/\/www.r2cpress.com.br\/v1\/wp-json\/wp\/v2\/comments?post=21816"}],"version-history":[{"count":2,"href":"https:\/\/www.r2cpress.com.br\/v1\/wp-json\/wp\/v2\/posts\/21816\/revisions"}],"predecessor-version":[{"id":21825,"href":"https:\/\/www.r2cpress.com.br\/v1\/wp-json\/wp\/v2\/posts\/21816\/revisions\/21825"}],"wp:attachment":[{"href":"https:\/\/www.r2cpress.com.br\/v1\/wp-json\/wp\/v2\/media?parent=21816"}],"wp:term":[{"taxonomy":"category","embeddable":true,"href":"https:\/\/www.r2cpress.com.br\/v1\/wp-json\/wp\/v2\/categories?post=21816"},{"taxonomy":"post_tag","embeddable":true,"href":"https:\/\/www.r2cpress.com.br\/v1\/wp-json\/wp\/v2\/tags?post=21816"}],"curies":[{"name":"wp","href":"https:\/\/api.w.org\/{rel}","templated":true}]}}