{"id":21854,"date":"2011-08-12T18:12:58","date_gmt":"2011-08-12T21:12:58","guid":{"rendered":"http:\/\/www.r2cpress.com.br\/v1\/?p=21854"},"modified":"2011-08-12T18:12:58","modified_gmt":"2011-08-12T21:12:58","slug":"atleta-ilheense-ganha-apoio-da-cdl-de-ilheus-e-vai-para-a-copa-brasil-de-taekwondo","status":"publish","type":"post","link":"https:\/\/www.r2cpress.com.br\/v1\/2011\/08\/12\/atleta-ilheense-ganha-apoio-da-cdl-de-ilheus-e-vai-para-a-copa-brasil-de-taekwondo\/","title":{"rendered":"ATLETA ILHEENSE GANHA APOIO DA CDL DE ILH\u00c9US E VAI PARA A COPA BRASIL DE TAEKWONDO"},"content":{"rendered":"<p>O atleta ilheense Guilherme Sampaio Santos, de 20 anos, seguiu viagem nesta sexta-feira (12\/08) para Fortaleza \u2013 Cear\u00e1, onde vai representar Ilh\u00e9us na Copa Brasil de Taekwondo. O campeonato ser\u00e1 nos dias 13 e 14 deste m\u00eas, no Gin\u00e1sio UNIFOR e re\u00fane os melhores atletas do pa\u00eds.<\/p>\n<p><div id=\"attachment_21855\" style=\"width: 258px\" class=\"wp-caption alignleft\"><a href=\"http:\/\/www.r2cpress.com.br\/v1\/wp-content\/uploads\/tkd-mont-capa.jpg\"><img aria-describedby=\"caption-attachment-21855\" loading=\"lazy\" src=\"http:\/\/www.r2cpress.com.br\/v1\/wp-content\/uploads\/tkd-mont-capa-248x300.jpg\" alt=\"\" title=\"tkd mont capa\" width=\"248\" height=\"300\" class=\"size-medium wp-image-21855\" srcset=\"https:\/\/www.r2cpress.com.br\/v1\/wp-content\/uploads\/tkd-mont-capa-248x300.jpg 248w, https:\/\/www.r2cpress.com.br\/v1\/wp-content\/uploads\/tkd-mont-capa.jpg 627w\" sizes=\"(max-width: 248px) 100vw, 248px\" \/><\/a><p id=\"caption-attachment-21855\" class=\"wp-caption-text\">Clique para AMPLIAR.<\/p><\/div>Apesar da pouca idade, o atleta que treina na Associa\u00e7\u00e3o Leandro Ferreira de Taekwondo em Ilh\u00e9us, j\u00e1 conquistou importante coloca\u00e7\u00e3o na sua primeira disputa em n\u00edvel nacional, no Campeonato Brasileiro realizado em Rond\u00f4nia, no m\u00eas passado. Guilherme ficou em terceiro lugar, na categoria sub 21 (at\u00e9 74kg) , trazendo a medalha de bronze para Ilh\u00e9us. \u201c\u00c9 um atleta bastante disciplinado, vem treinando firme e tenho certeza que tem muitas chances de representar bem nossa cidade e trazer mais medalhas. Ficaremos aqui na torcida\u201d, disse o professor Leandro Ferreira.<\/p>\n<p>A C\u00e2mara dos Dirigentes Lojistas de Ilh\u00e9us conseguiu, junto \u00e0 C\u00e2mara dos Dirigentes Lojistas de Fortaleza, a hospedagem na capital cearense para garantir a participa\u00e7\u00e3o do atleta neste importante campeonato. \u201cTemos que ajudar de alguma forma esses esportistas que representam t\u00e3o bem nossa cidade. Acreditamos no esporte como ferramenta de transforma\u00e7\u00e3o social. Um atleta que treina num projeto social e est\u00e1 se esfor\u00e7ando para participar da Copa Brasil, temos que apoiar\u201d, disse Nadja Argollo, presidente da CDL de Ilh\u00e9us, complementando que se juntar\u00e1 \u00e0 Associa\u00e7\u00e3o Leandro Ferreira para promover um campeonato em Ilh\u00e9us ainda este m\u00eas.<\/p>\n","protected":false},"excerpt":{"rendered":"<p>O atleta ilheense Guilherme Sampaio Santos, de 20 anos, seguiu viagem nesta sexta-feira (12\/08) para Fortaleza \u2013 Cear\u00e1, onde vai representar Ilh\u00e9us na Copa Brasil de Taekwondo. O campeonato ser\u00e1 nos dias 13 e 14 deste m\u00eas, no Gin\u00e1sio UNIFOR e re\u00fane os melhores atletas do pa\u00eds. Apesar da pouca idade, o atleta que treina [&hellip;]<\/p>\n","protected":false},"author":2,"featured_media":0,"comment_status":"open","ping_status":"open","sticky":false,"template":"","format":"standard","meta":{"_links_to":"","_links_to_target":""},"categories":[11],"tags":[],"_links":{"self":[{"href":"https:\/\/www.r2cpress.com.br\/v1\/wp-json\/wp\/v2\/posts\/21854"}],"collection":[{"href":"https:\/\/www.r2cpress.com.br\/v1\/wp-json\/wp\/v2\/posts"}],"about":[{"href":"https:\/\/www.r2cpress.com.br\/v1\/wp-json\/wp\/v2\/types\/post"}],"author":[{"embeddable":true,"href":"https:\/\/www.r2cpress.com.br\/v1\/wp-json\/wp\/v2\/users\/2"}],"replies":[{"embeddable":true,"href":"https:\/\/www.r2cpress.com.br\/v1\/wp-json\/wp\/v2\/comments?post=21854"}],"version-history":[{"count":3,"href":"https:\/\/www.r2cpress.com.br\/v1\/wp-json\/wp\/v2\/posts\/21854\/revisions"}],"predecessor-version":[{"id":21858,"href":"https:\/\/www.r2cpress.com.br\/v1\/wp-json\/wp\/v2\/posts\/21854\/revisions\/21858"}],"wp:attachment":[{"href":"https:\/\/www.r2cpress.com.br\/v1\/wp-json\/wp\/v2\/media?parent=21854"}],"wp:term":[{"taxonomy":"category","embeddable":true,"href":"https:\/\/www.r2cpress.com.br\/v1\/wp-json\/wp\/v2\/categories?post=21854"},{"taxonomy":"post_tag","embeddable":true,"href":"https:\/\/www.r2cpress.com.br\/v1\/wp-json\/wp\/v2\/tags?post=21854"}],"curies":[{"name":"wp","href":"https:\/\/api.w.org\/{rel}","templated":true}]}}