{"id":21867,"date":"2011-08-12T18:52:46","date_gmt":"2011-08-12T21:52:46","guid":{"rendered":"http:\/\/www.r2cpress.com.br\/v1\/?p=21867"},"modified":"2011-08-12T18:52:46","modified_gmt":"2011-08-12T21:52:46","slug":"nota-de-pesar-anamatra","status":"publish","type":"post","link":"https:\/\/www.r2cpress.com.br\/v1\/2011\/08\/12\/nota-de-pesar-anamatra\/","title":{"rendered":"Nota de pesar &#8211; Anamatra"},"content":{"rendered":"<p>A Anamatra (Associa\u00e7\u00e3o Nacional dos Magistrados do Trabalho) vem a p\u00fablico manifestar sua consterna\u00e7\u00e3o e rep\u00fadio pelo assassinato da ju\u00edza Patr\u00edcia Lourival Acioli, da 4\u00aa Vara Criminal de S\u00e3o Gon\u00e7alo (RJ). A magistrada, brutalmente assassinada, era conhecida por seu atuante trabalho no combate ao narcotr\u00e1fico no Estado do Rio.<\/p>\n<p>A Anamatra ressalta e reitera que uma de suas tradicionais bandeiras de luta \u00e9 pela seguran\u00e7a no Judici\u00e1rio, pugnando pela r\u00e1pida apura\u00e7\u00e3o e exemplar puni\u00e7\u00e3o aos respons\u00e1veis.<\/p>\n<p>\u00c0 fam\u00edlia da ju\u00edza Patr\u00edcia Acioli, a Anamatra manifesta a solidariedade e condol\u00eancias nesse momento de dor.<\/p>\n<p>Renato Henry Sant\u2019Anna<br \/>\nPresidente da Anamatra<\/p>\n","protected":false},"excerpt":{"rendered":"<p>A Anamatra (Associa\u00e7\u00e3o Nacional dos Magistrados do Trabalho) vem a p\u00fablico manifestar sua consterna\u00e7\u00e3o e rep\u00fadio pelo assassinato da ju\u00edza Patr\u00edcia Lourival Acioli, da 4\u00aa Vara Criminal de S\u00e3o Gon\u00e7alo (RJ). A magistrada, brutalmente assassinada, era conhecida por seu atuante trabalho no combate ao narcotr\u00e1fico no Estado do Rio. A Anamatra ressalta e reitera que [&hellip;]<\/p>\n","protected":false},"author":2,"featured_media":0,"comment_status":"open","ping_status":"open","sticky":false,"template":"","format":"standard","meta":{"_links_to":"","_links_to_target":""},"categories":[18],"tags":[],"_links":{"self":[{"href":"https:\/\/www.r2cpress.com.br\/v1\/wp-json\/wp\/v2\/posts\/21867"}],"collection":[{"href":"https:\/\/www.r2cpress.com.br\/v1\/wp-json\/wp\/v2\/posts"}],"about":[{"href":"https:\/\/www.r2cpress.com.br\/v1\/wp-json\/wp\/v2\/types\/post"}],"author":[{"embeddable":true,"href":"https:\/\/www.r2cpress.com.br\/v1\/wp-json\/wp\/v2\/users\/2"}],"replies":[{"embeddable":true,"href":"https:\/\/www.r2cpress.com.br\/v1\/wp-json\/wp\/v2\/comments?post=21867"}],"version-history":[{"count":2,"href":"https:\/\/www.r2cpress.com.br\/v1\/wp-json\/wp\/v2\/posts\/21867\/revisions"}],"predecessor-version":[{"id":21869,"href":"https:\/\/www.r2cpress.com.br\/v1\/wp-json\/wp\/v2\/posts\/21867\/revisions\/21869"}],"wp:attachment":[{"href":"https:\/\/www.r2cpress.com.br\/v1\/wp-json\/wp\/v2\/media?parent=21867"}],"wp:term":[{"taxonomy":"category","embeddable":true,"href":"https:\/\/www.r2cpress.com.br\/v1\/wp-json\/wp\/v2\/categories?post=21867"},{"taxonomy":"post_tag","embeddable":true,"href":"https:\/\/www.r2cpress.com.br\/v1\/wp-json\/wp\/v2\/tags?post=21867"}],"curies":[{"name":"wp","href":"https:\/\/api.w.org\/{rel}","templated":true}]}}