{"id":21874,"date":"2011-08-13T09:00:44","date_gmt":"2011-08-13T12:00:44","guid":{"rendered":"http:\/\/www.r2cpress.com.br\/v1\/?p=21874"},"modified":"2011-08-13T09:00:44","modified_gmt":"2011-08-13T12:00:44","slug":"brisa-soprou-noquadro-do-bataclan","status":"publish","type":"post","link":"https:\/\/www.r2cpress.com.br\/v1\/2011\/08\/13\/brisa-soprou-noquadro-do-bataclan\/","title":{"rendered":"Brisa soprou nOQUADRO do Bataclan"},"content":{"rendered":"<p><center><a href=\"http:\/\/www.r2cpress.com.br\/v1\/wp-content\/uploads\/6028968652_2accf939a3_b.jpg\"><img loading=\"lazy\" src=\"http:\/\/www.r2cpress.com.br\/v1\/wp-content\/uploads\/6028968652_2accf939a3_b.jpg\" alt=\"\" title=\"6028968652_2accf939a3_b\" width=\"450\" height=\"338\" class=\"aligncenter size-full wp-image-21875\" srcset=\"https:\/\/www.r2cpress.com.br\/v1\/wp-content\/uploads\/6028968652_2accf939a3_b.jpg 450w, https:\/\/www.r2cpress.com.br\/v1\/wp-content\/uploads\/6028968652_2accf939a3_b-300x225.jpg 300w\" sizes=\"(max-width: 450px) 100vw, 450px\" \/><\/a><\/center><\/p>\n<p>Em sua quarta edi\u00e7\u00e3o do projeto de m\u00fasica instrumental, OQUADRO convidou os ventos da voz de Brisa Azis, da banda Manzu\u00e1, para mesclar ritmo e balan\u00e7o a arranjos mui agradabil\u00edssimos na noite do Bataclan, em Ilh\u00e9us, 6\/08. Em meio a toda essa sonoridade, sentidos evidentes de uma efervesc\u00eancia cultural e muita vontade art\u00edstica se revelaram no tempo em que nosso bate papo foi se desenhando. Acompanhe comigo nesta narrativa, a partir dos seus sentidos l\u00fadicos, leitor, o desenrolar dessas hist\u00f3rias que somam m\u00fasica, poesia, arte e espontaneidade.<\/p>\n<p><strong>Por Anna Karenina<\/strong><\/p>\n<p>Quando me acheguei o show j\u00e1 havia come\u00e7ado. A casa estava cheia, com uma atmosfera de m\u00fasica artesanal e sofistica\u00e7\u00e3o. O Bataclan, desta vez, me soou mais familiar, como quem chega em um ambiente e se sente logo a vontade. Talvez a companhia de primos e amigos exerceu influ\u00eancia nisso, ou da recep\u00e7\u00e3o de N\u00e9ia Dend\u00ea, assim como de outras mo\u00e7as que assessoravam atenciosamente o atendimento do restaurante. Mas algo inquietante me tomava por dentro, uma ansiedade de sentar logo e come\u00e7ar a respirar os dedilhados, o timbre, os tamb\u00f4s, os pratos da bateria. Eles estavam muito bem, dessa vez eu observava a comunica\u00e7\u00e3o muda, os olhares, de como as notas iam mudando, variando com o clima do ambiente, e o som brotando, saindo. \u201c\u00c9 tudo improvisado, n\u00e3o tem nada ensaiado. O que a galera ouve \u00e9 m\u00fasica que nasceu agora e morreu, que ningu\u00e9m vai lembrar depois, e tem uma vida \u00fatil a\u00ed a rolar\u201d, explica Ric\u00f4 Barreto, integrante do Coletivo Prumo e baixista da banda, sobre a espontaneidade com que surge o som deles.<\/p>\n<p>Continue <strong>LENDO <\/strong>e <strong>VENDO <\/strong>clicando <a href = \"http:\/\/jornalismocontado.blogspot.com\/2011\/08\/brisa-soprou-noquadro-do-bataclan.html\" target = \"_news\"><b>AQUI<\/b><\/a><\/p>\n","protected":false},"excerpt":{"rendered":"<p>Em sua quarta edi\u00e7\u00e3o do projeto de m\u00fasica instrumental, OQUADRO convidou os ventos da voz de Brisa Azis, da banda Manzu\u00e1, para mesclar ritmo e balan\u00e7o a arranjos mui agradabil\u00edssimos na noite do Bataclan, em Ilh\u00e9us, 6\/08. Em meio a toda essa sonoridade, sentidos evidentes de uma efervesc\u00eancia cultural e muita vontade art\u00edstica se revelaram [&hellip;]<\/p>\n","protected":false},"author":2,"featured_media":0,"comment_status":"open","ping_status":"open","sticky":false,"template":"","format":"standard","meta":{"_links_to":"","_links_to_target":""},"categories":[5],"tags":[],"_links":{"self":[{"href":"https:\/\/www.r2cpress.com.br\/v1\/wp-json\/wp\/v2\/posts\/21874"}],"collection":[{"href":"https:\/\/www.r2cpress.com.br\/v1\/wp-json\/wp\/v2\/posts"}],"about":[{"href":"https:\/\/www.r2cpress.com.br\/v1\/wp-json\/wp\/v2\/types\/post"}],"author":[{"embeddable":true,"href":"https:\/\/www.r2cpress.com.br\/v1\/wp-json\/wp\/v2\/users\/2"}],"replies":[{"embeddable":true,"href":"https:\/\/www.r2cpress.com.br\/v1\/wp-json\/wp\/v2\/comments?post=21874"}],"version-history":[{"count":4,"href":"https:\/\/www.r2cpress.com.br\/v1\/wp-json\/wp\/v2\/posts\/21874\/revisions"}],"predecessor-version":[{"id":21879,"href":"https:\/\/www.r2cpress.com.br\/v1\/wp-json\/wp\/v2\/posts\/21874\/revisions\/21879"}],"wp:attachment":[{"href":"https:\/\/www.r2cpress.com.br\/v1\/wp-json\/wp\/v2\/media?parent=21874"}],"wp:term":[{"taxonomy":"category","embeddable":true,"href":"https:\/\/www.r2cpress.com.br\/v1\/wp-json\/wp\/v2\/categories?post=21874"},{"taxonomy":"post_tag","embeddable":true,"href":"https:\/\/www.r2cpress.com.br\/v1\/wp-json\/wp\/v2\/tags?post=21874"}],"curies":[{"name":"wp","href":"https:\/\/api.w.org\/{rel}","templated":true}]}}