{"id":21880,"date":"2011-08-13T09:04:49","date_gmt":"2011-08-13T12:04:49","guid":{"rendered":"http:\/\/www.r2cpress.com.br\/v1\/?p=21880"},"modified":"2011-08-13T09:04:49","modified_gmt":"2011-08-13T12:04:49","slug":"abrigo-renascer-2","status":"publish","type":"post","link":"https:\/\/www.r2cpress.com.br\/v1\/2011\/08\/13\/abrigo-renascer-2\/","title":{"rendered":"Abrigo Renascer"},"content":{"rendered":"<p>De: Nelson <ilheus @ilheus.com.br><br \/>\nAssunto: Abrigo Renascer<\/p>\n<p>Corpo da mensagem:<br \/>\nO Abrigo Renascer \u00e9 um lar que acolhe crian\u00e7as que n\u00e3o possuem fam\u00edlia.<\/p>\n<p>Nos \u00faltimos 6 meses o local tem sofrido grandes mudan\u00e7as de forma que hoje \u00e9 um lugar onde as crian\u00e7as encontram apoio, carinho, aten\u00e7\u00e3o, respeito e amor.<\/p>\n<p>Eu fiz coment\u00e1rios em outra \u00e9poca criticando, mas agora eu venho elogiar o trabalho que est\u00e1 sendo realizado.<\/p>\n<p>Ver as mudan\u00e7as que est\u00e3o ocorrendo al\u00ed provoca grande satisfa\u00e7\u00e3o e felicidade.<\/p>\n<p>Visitem, conhe\u00e7am, divulguem e se poss\u00edvel ajudem de alguma forma.<\/p>\n<p>A responsabilidade principal pela manuten\u00e7\u00e3o desse lar \u00e9 da prefeitura, mas&#8230;<\/p>\n<p>&#8230;. pelas dificuldades pol\u00edticas vejo uma tend\u00eancia das coisas desandarem novamente.  N\u00e3o podemos deixar que isso aconte\u00e7a.<\/p>\n<p>A Secretaria de Assist\u00eancia Social tem feito bom trabalho no Abrigo, mas depende das outras secretarias para continuidade dos trabalhos.<\/p>\n<p>A Secretaria de Finan\u00e7as precisa atuar na mesma dire\u00e7\u00e3o.  As crian\u00e7as precisam se alimentar. n\u00e3o deixem de honrar compromissos com os fornecedores.  Se voc\u00eas ficarem criando brigas pol\u00edticas, disputando para ver quem tem mais poder e empurrando os problemas com a barriga as crian\u00e7as v\u00e3o ter fome novamente.<\/p>\n<p>Por favor, se existe uma d\u00edvida. Pague!!<\/p>\n<p>\u00c9 dif\u00edcil aceitar que as secretaris de um governo n\u00e3o consigam trabalhar juntas.<\/p>\n<p>Se n\u00e3o conseguem se entender&#8230; onde anda o Sr Prefeito que deveria resolver a situa\u00e7\u00e3o?<\/p>\n<p>Se deixarem o problema se complicar, vamos recorrer ao MP e usar os recursos existentes para que as crian\u00e7as que j\u00e1 foram vitimadas e que o Governo recebeu a guarda n\u00e3o as fa\u00e7am sofrer mais ainda.<\/p>\n<p>Responsabilidade social&#8230;  Ilh\u00e9us sabe o que \u00e9 isso?<\/p>\n<p>&#8212;<br \/>\nEsta mensagem foi enviada atrav\u00e9s do formul\u00e1rio de contato do site R2CPRESS | A Letra Fria da Verdade http:\/\/www.r2cpress.com.br\/v1<br \/>\n<\/ilheus><\/p>\n","protected":false},"excerpt":{"rendered":"<p>De: Nelson Assunto: Abrigo Renascer Corpo da mensagem: O Abrigo Renascer \u00e9 um lar que acolhe crian\u00e7as que n\u00e3o possuem fam\u00edlia. Nos \u00faltimos 6 meses o local tem sofrido grandes mudan\u00e7as de forma que hoje \u00e9 um lugar onde as crian\u00e7as encontram apoio, carinho, aten\u00e7\u00e3o, respeito e amor. Eu fiz coment\u00e1rios em outra \u00e9poca criticando, [&hellip;]<\/p>\n","protected":false},"author":2,"featured_media":0,"comment_status":"open","ping_status":"open","sticky":false,"template":"","format":"standard","meta":{"_links_to":"","_links_to_target":""},"categories":[10],"tags":[],"_links":{"self":[{"href":"https:\/\/www.r2cpress.com.br\/v1\/wp-json\/wp\/v2\/posts\/21880"}],"collection":[{"href":"https:\/\/www.r2cpress.com.br\/v1\/wp-json\/wp\/v2\/posts"}],"about":[{"href":"https:\/\/www.r2cpress.com.br\/v1\/wp-json\/wp\/v2\/types\/post"}],"author":[{"embeddable":true,"href":"https:\/\/www.r2cpress.com.br\/v1\/wp-json\/wp\/v2\/users\/2"}],"replies":[{"embeddable":true,"href":"https:\/\/www.r2cpress.com.br\/v1\/wp-json\/wp\/v2\/comments?post=21880"}],"version-history":[{"count":2,"href":"https:\/\/www.r2cpress.com.br\/v1\/wp-json\/wp\/v2\/posts\/21880\/revisions"}],"predecessor-version":[{"id":21882,"href":"https:\/\/www.r2cpress.com.br\/v1\/wp-json\/wp\/v2\/posts\/21880\/revisions\/21882"}],"wp:attachment":[{"href":"https:\/\/www.r2cpress.com.br\/v1\/wp-json\/wp\/v2\/media?parent=21880"}],"wp:term":[{"taxonomy":"category","embeddable":true,"href":"https:\/\/www.r2cpress.com.br\/v1\/wp-json\/wp\/v2\/categories?post=21880"},{"taxonomy":"post_tag","embeddable":true,"href":"https:\/\/www.r2cpress.com.br\/v1\/wp-json\/wp\/v2\/tags?post=21880"}],"curies":[{"name":"wp","href":"https:\/\/api.w.org\/{rel}","templated":true}]}}