{"id":21883,"date":"2011-08-13T09:09:37","date_gmt":"2011-08-13T12:09:37","guid":{"rendered":"http:\/\/www.r2cpress.com.br\/v1\/?p=21883"},"modified":"2011-08-13T09:09:37","modified_gmt":"2011-08-13T12:09:37","slug":"indignacao","status":"publish","type":"post","link":"https:\/\/www.r2cpress.com.br\/v1\/2011\/08\/13\/indignacao\/","title":{"rendered":"Indigna\u00e7ao"},"content":{"rendered":"<p>De: Jose Renato Ribeiro <jr .r@hotmail.com><br \/>\nAssunto: Indignacao<\/p>\n<p>Corpo da mensagem:<br \/>\nSem ter a quem mais apelar, vou agora apelar para os pais de adolescentes e jovens estudantes da rede publica de ensino. Senhores pais, acompanhem seus filhos quando sairem para determinados eventos escolares ou procurem saber quem \u00e9 0 responsavel pelo evento. Chamou-me a atencao j\u00e1 a alguns sabados a entrada de adolescentes (meninas e meninos) \u00e1 tarde no IME, sem uma pessoa responsavel no colegio. O que fazem estes jovens sozinhos trancados num colegio\/. Quem garante que nao estao fazendo algo errado\/.Fica a duvida. Hoje  [ontem] \u00e1 tarde passando em frente ao Ginasio de Esportes deparei-me com uma cena lamentavel e angustiante, dai a minha INDIGNACAO. Saia do Ginasio de Esportes uma adolescente carregada num banco de madeira chorando bastante com fortes dores. Parecia ter quebrado a perna. Pois bem, estes elementos que a carregavam queriam coloca-la no porta malas de um veiculo de pequeno porte.Nao chamaram o SAMU nem uma ambulancia para leva-la ao hospital, foi transportada na carroceria de um saveiro no proprio banco que a retiraram do Ginasio, sem que nenhum desses que se diziam ser da coordenacao do evento acompanhasse a menina. Deveria ter a disposicao desses jovens uma ambulancia para uma emergencia do tipo. Por isso senhores pais, se nos nao tivermos preocupados com os nossos filhos, tenham certeza, nenhuma autoridade estara e quando acontece o pior com um filho nosso a\u00ed vem aquela autoridade hipocritamente e diz: mandei abrir um inquerito para apurar a responsabilidade, apuracao esta que desaparece no tempo, princialmente se a apuracao for contra a $$$$$$.<br \/>\nReflitam.<br \/>\nGrato e um feliz dia dos Pais.<\/p>\n<p>&#8212;<br \/>\nEsta mensagem foi enviada atrav\u00e9s do formul\u00e1rio de contato do site R2CPRESS | A Letra Fria da Verdade http:\/\/www.r2cpress.com.br\/v1<br \/>\n<\/jr><\/p>\n","protected":false},"excerpt":{"rendered":"<p>De: Jose Renato Ribeiro Assunto: Indignacao Corpo da mensagem: Sem ter a quem mais apelar, vou agora apelar para os pais de adolescentes e jovens estudantes da rede publica de ensino. Senhores pais, acompanhem seus filhos quando sairem para determinados eventos escolares ou procurem saber quem \u00e9 0 responsavel pelo evento. Chamou-me a atencao j\u00e1 [&hellip;]<\/p>\n","protected":false},"author":2,"featured_media":0,"comment_status":"open","ping_status":"open","sticky":false,"template":"","format":"standard","meta":{"_links_to":"","_links_to_target":""},"categories":[10],"tags":[],"_links":{"self":[{"href":"https:\/\/www.r2cpress.com.br\/v1\/wp-json\/wp\/v2\/posts\/21883"}],"collection":[{"href":"https:\/\/www.r2cpress.com.br\/v1\/wp-json\/wp\/v2\/posts"}],"about":[{"href":"https:\/\/www.r2cpress.com.br\/v1\/wp-json\/wp\/v2\/types\/post"}],"author":[{"embeddable":true,"href":"https:\/\/www.r2cpress.com.br\/v1\/wp-json\/wp\/v2\/users\/2"}],"replies":[{"embeddable":true,"href":"https:\/\/www.r2cpress.com.br\/v1\/wp-json\/wp\/v2\/comments?post=21883"}],"version-history":[{"count":2,"href":"https:\/\/www.r2cpress.com.br\/v1\/wp-json\/wp\/v2\/posts\/21883\/revisions"}],"predecessor-version":[{"id":21885,"href":"https:\/\/www.r2cpress.com.br\/v1\/wp-json\/wp\/v2\/posts\/21883\/revisions\/21885"}],"wp:attachment":[{"href":"https:\/\/www.r2cpress.com.br\/v1\/wp-json\/wp\/v2\/media?parent=21883"}],"wp:term":[{"taxonomy":"category","embeddable":true,"href":"https:\/\/www.r2cpress.com.br\/v1\/wp-json\/wp\/v2\/categories?post=21883"},{"taxonomy":"post_tag","embeddable":true,"href":"https:\/\/www.r2cpress.com.br\/v1\/wp-json\/wp\/v2\/tags?post=21883"}],"curies":[{"name":"wp","href":"https:\/\/api.w.org\/{rel}","templated":true}]}}