{"id":21905,"date":"2011-08-13T10:24:14","date_gmt":"2011-08-13T13:24:14","guid":{"rendered":"http:\/\/www.r2cpress.com.br\/v1\/?p=21905"},"modified":"2011-08-13T10:24:14","modified_gmt":"2011-08-13T13:24:14","slug":"vereadora-professora-carmelita-defende-uniao-para-construir-uma-educacao-de-qualidade-em-ilheus","status":"publish","type":"post","link":"https:\/\/www.r2cpress.com.br\/v1\/2011\/08\/13\/vereadora-professora-carmelita-defende-uniao-para-construir-uma-educacao-de-qualidade-em-ilheus\/","title":{"rendered":"Vereadora Professora Carmelita defende uni\u00e3o para construir uma educa\u00e7\u00e3o de qualidade em Ilh\u00e9us"},"content":{"rendered":"<p><a href=\"http:\/\/www.r2cpress.com.br\/v1\/wp-content\/uploads\/carme.jpg\"><img loading=\"lazy\" src=\"http:\/\/www.r2cpress.com.br\/v1\/wp-content\/uploads\/carme-300x202.jpg\" alt=\"\" title=\"carme\" width=\"300\" height=\"202\" class=\"alignleft size-medium wp-image-21906\" srcset=\"https:\/\/www.r2cpress.com.br\/v1\/wp-content\/uploads\/carme-300x202.jpg 300w, https:\/\/www.r2cpress.com.br\/v1\/wp-content\/uploads\/carme.jpg 680w\" sizes=\"(max-width: 300px) 100vw, 300px\" \/><\/a>Ao participar nesta quinta-feira (11) ao lado da promotora Karina Cherubini do lan\u00e7amento da campanha Pacto pela Educa\u00e7\u00e3o, em Ilh\u00e9us, idealizada e conduzida pelo Minist\u00e9rio P\u00fablico Estadual, a vereadora e educadora Carmelita \u00c2ngela disse que a\u00e7\u00f5es como esta s\u00e3o fundamentais para promover o exerc\u00edcio da cidadania, unindo escola, fam\u00edlia e autoridades na luta por uma educa\u00e7\u00e3o de mais qualidade. \u201cQuando observo encontros desta magnitude, me permito a ter mais esperan\u00e7a no futuro\u201d, afirmou, durante pronunciamento que fez na abertura da solenidade de lan\u00e7amento do projeto.<\/p>\n<p>O lan\u00e7amento tamb\u00e9m coincidiu com as comemora\u00e7\u00f5es alusivas ao Dia Municipal pela Mobiliza\u00e7\u00e3o da Educa\u00e7\u00e3o, institu\u00eddo pela C\u00e2mara de Vereadores, atrav\u00e9s de um projeto de lei de autoria de Carmelita \u00c2ngela. O encontro desta quinta reuniu promotores, ju\u00edzes, o gestor da Direc 6, Ednei Mendon\u00e7a; o prefeito Newton Lima; a secret\u00e1ria municipal de Educa\u00e7\u00e3o, Lidiney Campos; representantes de conselhos ligados ao setor, al\u00e9m de educadores e representantes sociais e sindicais da regi\u00e3o. Todos buscando solu\u00e7\u00f5es para a melhoria do sistema p\u00fablico de ensino da cidade.<\/p>\n<p><!--more--><\/p>\n<p>Carmelita voltou a ressaltar que a educa\u00e7\u00e3o \u00e9 a chave-mestra transformadora da sociedade. Ela elogiou a iniciativa do MP, destacando que a mudan\u00e7a que todos querem na educa\u00e7\u00e3o do pa\u00eds come\u00e7a pela cidade com medidas como esta, de participa\u00e7\u00e3o, debate e uni\u00e3o de esfor\u00e7os. Para a vereadora de Ilh\u00e9us, somente uma escola de qualidade e atrativa \u00e9 que permitir\u00e1 a redu\u00e7\u00e3o no \u00edndice de evas\u00e3o escolar, ainda t\u00e3o significativo no munic\u00edpio, principalmente na zona rural de Ilh\u00e9us. \u201c\u00c9 preciso que o aluno veja a escola como a continua\u00e7\u00e3o da sua casa, a extens\u00e3o da sua fam\u00edlia\u201d, destacou.<\/p>\n<p>A vereadora disse que, na C\u00e2mara, tem sido uma defensora intransigente por uma educa\u00e7\u00e3o de mais qualidade. E destacou que, al\u00e9m de escolas bem montadas, grade escolar constru\u00edda e cumprida, \u00e9 preciso sempre ter o olhar voltado para o educador, oferecendo-lhe condi\u00e7\u00f5es de trabalho e dignidade no exerc\u00edcio da miss\u00e3o de ensinar. A parlamentar destaca a aprova\u00e7\u00e3o, na Casa Legislativa, do Plano de Carreira dos Trabalhadores em Educa\u00e7\u00e3o. Para a vereadora, o resultado reflete a uni\u00e3o da categoria e as lutas dos sindicatos por melhores condi\u00e7\u00f5es de trabalho e de respeito aos educadores. \u201cNeste aspecto, tamb\u00e9m demos um grande passo em dire\u00e7\u00e3o \u00e0 educa\u00e7\u00e3o que sempre sonhamos\u201d, afirmou<\/p>\n","protected":false},"excerpt":{"rendered":"<p>Ao participar nesta quinta-feira (11) ao lado da promotora Karina Cherubini do lan\u00e7amento da campanha Pacto pela Educa\u00e7\u00e3o, em Ilh\u00e9us, idealizada e conduzida pelo Minist\u00e9rio P\u00fablico Estadual, a vereadora e educadora Carmelita \u00c2ngela disse que a\u00e7\u00f5es como esta s\u00e3o fundamentais para promover o exerc\u00edcio da cidadania, unindo escola, fam\u00edlia e autoridades na luta por uma [&hellip;]<\/p>\n","protected":false},"author":2,"featured_media":0,"comment_status":"open","ping_status":"open","sticky":false,"template":"","format":"standard","meta":{"_links_to":"","_links_to_target":""},"categories":[22],"tags":[],"_links":{"self":[{"href":"https:\/\/www.r2cpress.com.br\/v1\/wp-json\/wp\/v2\/posts\/21905"}],"collection":[{"href":"https:\/\/www.r2cpress.com.br\/v1\/wp-json\/wp\/v2\/posts"}],"about":[{"href":"https:\/\/www.r2cpress.com.br\/v1\/wp-json\/wp\/v2\/types\/post"}],"author":[{"embeddable":true,"href":"https:\/\/www.r2cpress.com.br\/v1\/wp-json\/wp\/v2\/users\/2"}],"replies":[{"embeddable":true,"href":"https:\/\/www.r2cpress.com.br\/v1\/wp-json\/wp\/v2\/comments?post=21905"}],"version-history":[{"count":2,"href":"https:\/\/www.r2cpress.com.br\/v1\/wp-json\/wp\/v2\/posts\/21905\/revisions"}],"predecessor-version":[{"id":21908,"href":"https:\/\/www.r2cpress.com.br\/v1\/wp-json\/wp\/v2\/posts\/21905\/revisions\/21908"}],"wp:attachment":[{"href":"https:\/\/www.r2cpress.com.br\/v1\/wp-json\/wp\/v2\/media?parent=21905"}],"wp:term":[{"taxonomy":"category","embeddable":true,"href":"https:\/\/www.r2cpress.com.br\/v1\/wp-json\/wp\/v2\/categories?post=21905"},{"taxonomy":"post_tag","embeddable":true,"href":"https:\/\/www.r2cpress.com.br\/v1\/wp-json\/wp\/v2\/tags?post=21905"}],"curies":[{"name":"wp","href":"https:\/\/api.w.org\/{rel}","templated":true}]}}