{"id":21916,"date":"2011-08-13T21:25:28","date_gmt":"2011-08-14T00:25:28","guid":{"rendered":"http:\/\/www.r2cpress.com.br\/v1\/?p=21916"},"modified":"2011-08-13T21:25:28","modified_gmt":"2011-08-14T00:25:28","slug":"poluicao-sonora-em-ilheus","status":"publish","type":"post","link":"https:\/\/www.r2cpress.com.br\/v1\/2011\/08\/13\/poluicao-sonora-em-ilheus\/","title":{"rendered":"Polui\u00e7\u00e3o sonora em Ilh\u00e9us"},"content":{"rendered":"<p>De: Carlos Brito <briattore3 @gmail.com><br \/>\nAssunto: Polui\u00e7\u00e3o sonora em Ilh\u00e9us<\/p>\n<p>Corpo da mensagem:<br \/>\nRabat, quero falar que nos fins de semana a cidade de Ilh\u00e9us fica abandonada as moscas pelas autoridades no que se refere a polui\u00e7\u00e3o sonora, pois n\u00e3o tem santo que fa\u00e7a a policia atender a um chamado do cidad\u00e3o. Essa queixa n\u00e3o \u00e9 s\u00f3 minha, \u00e9 de muitas pessoas, pois quando chega o fim de semana os baderneiros aproveitam para deitar e rolar com seus \u201ctrios el\u00e9tricos\u201d, e ai n\u00e3o tem jeito: voc\u00ea pode ter um beb\u00ea em casa, pode ter uma pessoa idosa ou adoentada, pode estar querendo descansar de uma semana de trabalho, pode estar querendo ver TV e voc\u00ea \u00e9 privado disso, voc\u00ea tem seu direito violado por essas pessoas sem educa\u00e7\u00e3o e sem no\u00e7\u00e3o. Estamos assistindo de camarote a faveliza\u00e7\u00e3o de nossa cidade, e vemos a Policia Militar e Civil de bra\u00e7os cruzados sem fazer nada. Experimente ligar pra policia ambiental num fim de semana barulhento onde voc\u00ea precisa descansar e voc\u00ea ver\u00e1 que eles n\u00e3o vem atender seu chamado. Ligue para a PM e voc\u00ea ver\u00e1 que eles tamb\u00e9m dizem que vem, mas n\u00e3o vem. Virou uma esculhamba\u00e7\u00e3o administrativa sem precedentes. A policia engana o cidad\u00e3o contribuinte, fingindo que vai atender uma ocorr\u00eancia e n\u00e3o atende. Isso para n\u00e3o falar das policias ambientais, que aos fins de semana que \u00e9 quando h\u00e1 realmente barulho, elas n\u00e3o funcionam. Isso \u00e9 uma piada. Ilh\u00e9us est\u00e1 entregue as moscas, e o que me d\u00e1 mais raiva \u00e9 que foram esse bando de favelados arrocheiros, semi analfabetos que colocaram esses pol\u00edticos ai no poder. Precisa surgir uma campanha do minist\u00e9rio p\u00fablico obrigando a policia militar a gravar as chamadas telef\u00f4nicas como quando se liga pra uma empresa, e dar numero de ocorr\u00eancia, porque o que est\u00e1 acontecendo em ilh\u00e9us \u00e9 esculhamba\u00e7\u00e3o com dinheiro p\u00fablico.<\/p>\n<p>&#8212;<br \/>\nEsta mensagem foi enviada atrav\u00e9s do formul\u00e1rio de contato do site R2CPRESS | A Letra Fria da Verdade http:\/\/www.r2cpress.com.br\/v1<\/briattore3><\/p>\n","protected":false},"excerpt":{"rendered":"<p>De: Carlos Brito Assunto: Polui\u00e7\u00e3o sonora em Ilh\u00e9us Corpo da mensagem: Rabat, quero falar que nos fins de semana a cidade de Ilh\u00e9us fica abandonada as moscas pelas autoridades no que se refere a polui\u00e7\u00e3o sonora, pois n\u00e3o tem santo que fa\u00e7a a policia atender a um chamado do cidad\u00e3o. Essa queixa n\u00e3o \u00e9 s\u00f3 [&hellip;]<\/p>\n","protected":false},"author":2,"featured_media":0,"comment_status":"open","ping_status":"open","sticky":false,"template":"","format":"standard","meta":{"_links_to":"","_links_to_target":""},"categories":[10],"tags":[],"_links":{"self":[{"href":"https:\/\/www.r2cpress.com.br\/v1\/wp-json\/wp\/v2\/posts\/21916"}],"collection":[{"href":"https:\/\/www.r2cpress.com.br\/v1\/wp-json\/wp\/v2\/posts"}],"about":[{"href":"https:\/\/www.r2cpress.com.br\/v1\/wp-json\/wp\/v2\/types\/post"}],"author":[{"embeddable":true,"href":"https:\/\/www.r2cpress.com.br\/v1\/wp-json\/wp\/v2\/users\/2"}],"replies":[{"embeddable":true,"href":"https:\/\/www.r2cpress.com.br\/v1\/wp-json\/wp\/v2\/comments?post=21916"}],"version-history":[{"count":2,"href":"https:\/\/www.r2cpress.com.br\/v1\/wp-json\/wp\/v2\/posts\/21916\/revisions"}],"predecessor-version":[{"id":21918,"href":"https:\/\/www.r2cpress.com.br\/v1\/wp-json\/wp\/v2\/posts\/21916\/revisions\/21918"}],"wp:attachment":[{"href":"https:\/\/www.r2cpress.com.br\/v1\/wp-json\/wp\/v2\/media?parent=21916"}],"wp:term":[{"taxonomy":"category","embeddable":true,"href":"https:\/\/www.r2cpress.com.br\/v1\/wp-json\/wp\/v2\/categories?post=21916"},{"taxonomy":"post_tag","embeddable":true,"href":"https:\/\/www.r2cpress.com.br\/v1\/wp-json\/wp\/v2\/tags?post=21916"}],"curies":[{"name":"wp","href":"https:\/\/api.w.org\/{rel}","templated":true}]}}