{"id":21924,"date":"2011-08-13T22:22:03","date_gmt":"2011-08-14T01:22:03","guid":{"rendered":"http:\/\/www.r2cpress.com.br\/v1\/?p=21924"},"modified":"2011-08-13T22:22:03","modified_gmt":"2011-08-14T01:22:03","slug":"ilheus-homenagem-a-nossa-senhora-das-vitorias-acontece-no-centro-e-na-zona-sul","status":"publish","type":"post","link":"https:\/\/www.r2cpress.com.br\/v1\/2011\/08\/13\/ilheus-homenagem-a-nossa-senhora-das-vitorias-acontece-no-centro-e-na-zona-sul\/","title":{"rendered":"Ilh\u00e9us: Homenagem \u00e0 Nossa Senhora das Vit\u00f3rias acontece no Centro e na Zona Sul"},"content":{"rendered":"<p>De: Maria Angela <abadaro @hotmail.com><\/p>\n<p>Assunto: Ilh\u00e9us: Homenagem \u00e0 Nossa Senhora das Vit\u00f3rias acontece no Centro e na Zona Sul<\/p>\n<p>Corpo da mensagem:<br \/>\nO dia 15 de agosto, data em que a comunidade cat\u00f3lica homenageia Nossa Senhora das Vit\u00f3rias, uma das padroeiras do munic\u00edpio, ser\u00e1 lembrado em dois locais de Ilh\u00e9us: na capela Nossa Senhoras da Vit\u00f3rias, no alto Teres\u00f3polis, zona central, e na Igreja Nossa Senhora das Vit\u00f3rias, localizada no bairro que leva o mesmo nome, na zona sul. Na capela, a programa\u00e7\u00e3o inclui a Missa das Inten\u00e7\u00f5es, \u00e0s 7 horas, Missa Solene, \u00e0s 9h30min, e uma grande Caminhada de F\u00e9, a partir das 16h30min, seguida da B\u00ean\u00e7\u00e3o do Sant\u00edssimo Sacramento.<\/p>\n<p>J\u00e1 a programa\u00e7\u00e3o da Igreja Nossa Senhora das Vit\u00f3rias prev\u00ea Caminhada de F\u00e9 \u00e0s 8 horas, e uma Missa Solene \u00e0s 9h30min, presidida pelo Bispo da Diocese de Ilh\u00e9us, Dom Mauro Montagnoli. Segundo informa\u00e7\u00f5es do padre Ademir Amaral, durante a celebra\u00e7\u00e3o, o bispo diocesano estar\u00e1 assinando o decreto que transforma a Igreja numa par\u00f3quia. \u201cMesmo tendo a qualifica\u00e7\u00e3o de \u2018quase par\u00f3quia\u2019, j\u00e1 coordenamos seis comunidades: Couto, B\u00fazios, Barro Branco, Repartimento, Rio do Engenho e Santo Ant\u00f4nio, al\u00e9m do Ilh\u00e9us II\u201d, informa o padre, acrescentando que a missa solene dever\u00e1 contar com a presen\u00e7a de diversas autoridades, representantes das comunidades rurais e centenas de fi\u00e9is.<\/p>\n<p>O dia 15 de agosto \u00e9 comemorado pela tradi\u00e7\u00e3o cat\u00f3lica como o dia da Assun\u00e7\u00e3o de Maria, m\u00e3e de Jesus. Nesta data, a popula\u00e7\u00e3o celebra o Dia de Nossa Senhora das Vit\u00f3rias, uma das padroeiras da cidade. Os eventos, que todos os anos atraem uma grande quantidade de devotos e simpatizantes, s\u00e3o promovidos pela Diocese de Ilh\u00e9us. \u201cMais uma vez, estamos convidando todo o povo de Deus para participar, com muita f\u00e9 e alegria, das festas em honra \u00e0 nossa querida Padroeira\u201d, conclamam os padres Ademir Amaral e Ednilson Batista.<\/p>\n<p>&#8212;<\/p>\n<p><center>Nossa Senhora da Vit\u00f3ria,<br \/>\nse teu nome nos lembra a guerra, a disc\u00f3rdia e a desuni\u00e3o,<br \/>\ntua vida nos recorda a esperan\u00e7a e a paz!<br \/>\nNossa Senhora da Vit\u00f3ria, teu nome \u00e9 doce. Teu nome \u00e9 suave.<br \/>\nEle nos traz for\u00e7as. Ele nos refor\u00e7a a f\u00e9.<br \/>\nNossa Senhora da Vit\u00f3ria, em nosso mundo, h\u00e1 tantas lutas.<br \/>\nOs homens lutam por id\u00e9ias, por bens e por fama, por gan\u00e2ncia, por \u00f3dio, ambi\u00e7\u00e3o.<br \/>\nOs homens lutam sem saber porque lutam.<br \/>\nMas, tu, Maria, M\u00e3e de Deus e nossa M\u00e3e,<br \/>\ntu que viveste o sil\u00eancio de Nazar\u00e9,<br \/>\ntu que viveste a incerteza de Bel\u00e9m,<br \/>\ntu que viveste a ang\u00fastia do desterro no Egito,<br \/>\ntu que buscaste teu Filho entre os mestres no Templo,<br \/>\ntu que permaneceste de p\u00e9 junto \u00e0 Cruz de teu Filho,<br \/>\ntu que recebeste o corpo sem vida de teu Filho,<br \/>\ntu que, no cen\u00e1culo, aguardaste a vinda do Esp\u00edrito Santo,<br \/>\nensina-nos a esperar a vit\u00f3ria do amor sobre o mal,<br \/>\nensina-nos a trabalhar pelo bem sobre a guerra,<br \/>\nensina-nos a n\u00e3o retribuir a viol\u00eancia ou a trai\u00e7\u00e3o,<br \/>\nensina-nos, enfim, Virgem Maria, a perdoar e perdoar sempre.<br \/>\nSanta Maria, M\u00e3e de Deus e nossa M\u00e3e, Senhora da Vit\u00f3ria, nossa padroeira,<br \/>\nroga a Deus por n\u00f3s.<br \/>\nAm\u00e9m.<\/center><\/p>\n<p>&#8212;<br \/>\nEsta mensagem foi enviada atrav\u00e9s do formul\u00e1rio de contato do site R2CPRESS | A Letra Fria da Verdade http:\/\/www.r2cpress.com.br\/v1<\/abadaro><\/p>\n","protected":false},"excerpt":{"rendered":"<p>De: Maria Angela Assunto: Ilh\u00e9us: Homenagem \u00e0 Nossa Senhora das Vit\u00f3rias acontece no Centro e na Zona Sul Corpo da mensagem: O dia 15 de agosto, data em que a comunidade cat\u00f3lica homenageia Nossa Senhora das Vit\u00f3rias, uma das padroeiras do munic\u00edpio, ser\u00e1 lembrado em dois locais de Ilh\u00e9us: na capela Nossa Senhoras da Vit\u00f3rias, [&hellip;]<\/p>\n","protected":false},"author":2,"featured_media":0,"comment_status":"open","ping_status":"open","sticky":false,"template":"","format":"standard","meta":{"_links_to":"","_links_to_target":""},"categories":[10],"tags":[],"_links":{"self":[{"href":"https:\/\/www.r2cpress.com.br\/v1\/wp-json\/wp\/v2\/posts\/21924"}],"collection":[{"href":"https:\/\/www.r2cpress.com.br\/v1\/wp-json\/wp\/v2\/posts"}],"about":[{"href":"https:\/\/www.r2cpress.com.br\/v1\/wp-json\/wp\/v2\/types\/post"}],"author":[{"embeddable":true,"href":"https:\/\/www.r2cpress.com.br\/v1\/wp-json\/wp\/v2\/users\/2"}],"replies":[{"embeddable":true,"href":"https:\/\/www.r2cpress.com.br\/v1\/wp-json\/wp\/v2\/comments?post=21924"}],"version-history":[{"count":2,"href":"https:\/\/www.r2cpress.com.br\/v1\/wp-json\/wp\/v2\/posts\/21924\/revisions"}],"predecessor-version":[{"id":21926,"href":"https:\/\/www.r2cpress.com.br\/v1\/wp-json\/wp\/v2\/posts\/21924\/revisions\/21926"}],"wp:attachment":[{"href":"https:\/\/www.r2cpress.com.br\/v1\/wp-json\/wp\/v2\/media?parent=21924"}],"wp:term":[{"taxonomy":"category","embeddable":true,"href":"https:\/\/www.r2cpress.com.br\/v1\/wp-json\/wp\/v2\/categories?post=21924"},{"taxonomy":"post_tag","embeddable":true,"href":"https:\/\/www.r2cpress.com.br\/v1\/wp-json\/wp\/v2\/tags?post=21924"}],"curies":[{"name":"wp","href":"https:\/\/api.w.org\/{rel}","templated":true}]}}