{"id":21970,"date":"2011-08-16T09:52:06","date_gmt":"2011-08-16T12:52:06","guid":{"rendered":"http:\/\/www.r2cpress.com.br\/v1\/?p=21970"},"modified":"2011-08-16T16:32:12","modified_gmt":"2011-08-16T19:32:12","slug":"va-entender","status":"publish","type":"post","link":"https:\/\/www.r2cpress.com.br\/v1\/2011\/08\/16\/va-entender\/","title":{"rendered":"V\u00e1 entender &#8230;"},"content":{"rendered":"<p>Grande Mestre,<br \/>\nEssa vc vai gostar.<\/p>\n<p><a href=\"http:\/\/www.r2cpress.com.br\/v1\/wp-content\/uploads\/OdoricoParaguassu.jpg\"><img loading=\"lazy\" src=\"http:\/\/www.r2cpress.com.br\/v1\/wp-content\/uploads\/OdoricoParaguassu.jpg\" alt=\"\" title=\"OdoricoParaguassu\" width=\"220\" height=\"189\" class=\"alignleft size-full wp-image-22038\" \/><\/a>Sei que o amigo \u00e9 um entusiasta da administra\u00e7\u00e3o p\u00fablica, privada, intermedi\u00e1ria e mista rsrsrsrs. Mesmo misturando todas elas vc vai investir em pesquisa para, no m\u00ednimo, tentar entender e depois me explicar. A mim s\u00f3 n\u00e3o !!!!  para toda a popula\u00e7\u00e3o itabunense.<\/p>\n<p>Estava eu circulando pelos corredores da administra\u00e7\u00e3o da santa casa aqui de Itabuna e o que mais se ouvia era que o aluguel est\u00e1 atrasado, o cara da venda parou de vender enquanto n\u00e3o pagar, a conta de luz vai ser cortada porque o aviso j\u00e1 jogaram por baixo da porta, a \u00e1gua j\u00e1 era estou tomando banho na casa de minha m\u00e3e &#8230;  e l\u00e1 vou eu pensando no sofrimento da galera daqui. M\u00e9dicos e os demais est\u00e3o com os sal\u00e1rios atrasados e a zanga \u00e9 coletiva.<\/p>\n<p>Nem percebi que j\u00e1 estava passando na porta da provedoria e, ali, uma conversa estava acontecendo em tom de com\u00edcio o fez eu parar pra escutar. Tipo na novela que o cara fica encostado na porta mexendo no celular ou com os pap\u00e9is da reparti\u00e7\u00e3o sendo colocados em ordem mas a inten\u00e7\u00e3o \u00e9 ouvir mesmo.<br \/>\nRepare:<\/p>\n<p><a href=\"http:\/\/www.r2cpress.com.br\/v1\/wp-content\/uploads\/o_bem_amado.jpg\"><img loading=\"lazy\" src=\"http:\/\/www.r2cpress.com.br\/v1\/wp-content\/uploads\/o_bem_amado.jpg\" alt=\"\" title=\"o_bem_amado\" width=\"298\" height=\"222\" class=\"alignleft size-full wp-image-22045\" \/><\/a><em>\u201cRapaz, dizia um dos envolvidos na conversa que pela entona\u00e7\u00e3o de voz era o chefe: Essa nossa a\u00e7\u00e3o vai revolucionar a nossa gest\u00e3o. Vamos sair nos jornais, r\u00e1dio, nem sei se teremos tempo para dar tanta entrevista\u201d. O outro com jeito de puxa saco disse: bem bolado grande chefe. <strong>Murar o cemit\u00e9rio vai esfriar os \u00e2nimos, vai ser uma festa e ningu\u00e9m vai lembrar que est\u00e3o com os sal\u00e1rios atrasados. Murar o cemit\u00e9rio \u00e9 uma tacada de mestre&#8230;<\/strong><\/em><\/p>\n<p>Posso te garantir que eu n\u00e3o \u201ccarburei\u201d um de Cabrob\u00f3 e nem me veio a lembran\u00e7a do nosso inesquec\u00edvel Odorico Paragua\u00e7\u00fa.<\/p>\n<p>\u00c9 s\u00e9rio mesmo. Com tantos problemas salariais, pend\u00eancias as mais diversas o Chefe resolveu murar o cemit\u00e9rio como medida de choque, choque de gest\u00e3o. S\u00f3 que com tanto choque esparamos que n\u00e3o sejamos eletrocutados com as tomadas de decis\u00e3o e elei\u00e7\u00e3o de prioridades da nossa \u201csantidade maior\u201d.<\/p>\n<p><a href=\"http:\/\/www.r2cpress.com.br\/v1\/wp-content\/uploads\/muro.bmp\"><img src=\"http:\/\/www.r2cpress.com.br\/v1\/wp-content\/uploads\/muro.bmp\" alt=\"\" title=\"muro\" class=\"alignright size-full wp-image-22094\" \/><\/a>Murar o cemit\u00e9rio em detrimento das prioridades que o momento exige mais parece uma precau\u00e7\u00e3o do gestor uma vez que ele <strong>N\u00c3O <\/strong>quer, CERTAMENTE, que os mortos sa\u00eddos daqui e os de l\u00e1 resolvam vim aqui buscar, COBRAR alguns esclarecimentos como, por exemplo, falta de insumos b\u00e1sicos.<\/p>\n<p>Murar o cemit\u00e9rio com tantos d\u00e9bitos com os da casa e os de fora merece um estudo apurado por parte daqueles que acham que esse \u00e9 o \u201ccaminho\u201d para se chegar a solucion\u00e1tica de tamanha problem\u00e1tica &#8230;<\/p>\n<p>Vou passar por l\u00e1 de novo e qualquer novidade eu te conto.<\/p>\n<p>Murar o cemit\u00e9rio &#8230; e o meu sal\u00e1rio atrasado&#8230;<\/p>\n","protected":false},"excerpt":{"rendered":"<p>Grande Mestre, Essa vc vai gostar. Sei que o amigo \u00e9 um entusiasta da administra\u00e7\u00e3o p\u00fablica, privada, intermedi\u00e1ria e mista rsrsrsrs. Mesmo misturando todas elas vc vai investir em pesquisa para, no m\u00ednimo, tentar entender e depois me explicar. A mim s\u00f3 n\u00e3o !!!! para toda a popula\u00e7\u00e3o itabunense. Estava eu circulando pelos corredores da [&hellip;]<\/p>\n","protected":false},"author":2,"featured_media":0,"comment_status":"open","ping_status":"open","sticky":false,"template":"","format":"standard","meta":{"_links_to":"","_links_to_target":""},"categories":[10],"tags":[],"_links":{"self":[{"href":"https:\/\/www.r2cpress.com.br\/v1\/wp-json\/wp\/v2\/posts\/21970"}],"collection":[{"href":"https:\/\/www.r2cpress.com.br\/v1\/wp-json\/wp\/v2\/posts"}],"about":[{"href":"https:\/\/www.r2cpress.com.br\/v1\/wp-json\/wp\/v2\/types\/post"}],"author":[{"embeddable":true,"href":"https:\/\/www.r2cpress.com.br\/v1\/wp-json\/wp\/v2\/users\/2"}],"replies":[{"embeddable":true,"href":"https:\/\/www.r2cpress.com.br\/v1\/wp-json\/wp\/v2\/comments?post=21970"}],"version-history":[{"count":16,"href":"https:\/\/www.r2cpress.com.br\/v1\/wp-json\/wp\/v2\/posts\/21970\/revisions"}],"predecessor-version":[{"id":22095,"href":"https:\/\/www.r2cpress.com.br\/v1\/wp-json\/wp\/v2\/posts\/21970\/revisions\/22095"}],"wp:attachment":[{"href":"https:\/\/www.r2cpress.com.br\/v1\/wp-json\/wp\/v2\/media?parent=21970"}],"wp:term":[{"taxonomy":"category","embeddable":true,"href":"https:\/\/www.r2cpress.com.br\/v1\/wp-json\/wp\/v2\/categories?post=21970"},{"taxonomy":"post_tag","embeddable":true,"href":"https:\/\/www.r2cpress.com.br\/v1\/wp-json\/wp\/v2\/tags?post=21970"}],"curies":[{"name":"wp","href":"https:\/\/api.w.org\/{rel}","templated":true}]}}