{"id":21974,"date":"2011-08-15T08:04:55","date_gmt":"2011-08-15T11:04:55","guid":{"rendered":"http:\/\/www.r2cpress.com.br\/v1\/?p=21974"},"modified":"2011-08-15T08:04:55","modified_gmt":"2011-08-15T11:04:55","slug":"acordo-vai-permitir-atendimento-a-pacientes-judiciarios-na-bahia","status":"publish","type":"post","link":"https:\/\/www.r2cpress.com.br\/v1\/2011\/08\/15\/acordo-vai-permitir-atendimento-a-pacientes-judiciarios-na-bahia\/","title":{"rendered":"Acordo vai permitir atendimento a pacientes judici\u00e1rios na Bahia"},"content":{"rendered":"<p>A assessoria jur\u00eddica do Conselho Nacional de Justi\u00e7a (CNJ) dever\u00e1 formalizar, nos pr\u00f3ximos dias, acordo de coopera\u00e7\u00e3o t\u00e9cnica entre o Governo do Estado da Bahia e os \u00f3rg\u00e3os do Poder Judici\u00e1rio com o objetivo de permitir o atendimento aos portadores de sofrimento mental sujeitos \u00e0 medida de seguran\u00e7a de acordo com a Lei 10.216\/2001 &#8211; que estabeleceu a pol\u00edtica antimanicomial no pa\u00eds.<\/p>\n<p>O acordo foi debatido, em julho passado, no Tribunal de Justi\u00e7a da Bahia (TJBA) e prev\u00ea, dentre outras medidas, a cria\u00e7\u00e3o de um n\u00facleo permanente de profissionais de apoio aos ju\u00edzes para acompanhamento dos casos, desde o seu come\u00e7o, no \u00e2mbito da Justi\u00e7a, at\u00e9 sua finaliza\u00e7\u00e3o.<\/p>\n<p>Para tanto, dever\u00e1 ser formado grupo interdisciplinar composto por 10 psic\u00f3logos, 5 assistentes sociais, 10 profissionais da \u00e1rea de Direito, al\u00e9m de 15 estagi\u00e1rios nas \u00e1reas jur\u00eddica e de psicologia.<\/p>\n<p>Al\u00e9m do CNJ, o termo de acordo dever\u00e1 ser firmado pelos seguintes \u00f3rg\u00e3os: Tribunal de Justi\u00e7a do Estado da Bahia (TJBA); Procuradoria- Geral de Justi\u00e7a do Estado da Bahia; Secretaria de Administra\u00e7\u00e3o Penitenci\u00e1ria e Ressocializa\u00e7\u00e3o; Secretaria de Sa\u00fade do Estado da Bahia; Secretaria de Administra\u00e7\u00e3o do Estado da Bahia; Secretaria de Desenvolvimento Social e Combate a Pobreza e Defensoria P\u00fablica-Geral do Estado da Bahia. No Brasil, das quase 500 mil pessoas presas, aproximadamente 5 mil sofrem de algum transtorno mental.<\/p>\n<p>&#8212;<br \/>\nRegina Bandeira<br \/>\nAg\u00eancia CNJ de Not\u00edcias<\/p>\n","protected":false},"excerpt":{"rendered":"<p>A assessoria jur\u00eddica do Conselho Nacional de Justi\u00e7a (CNJ) dever\u00e1 formalizar, nos pr\u00f3ximos dias, acordo de coopera\u00e7\u00e3o t\u00e9cnica entre o Governo do Estado da Bahia e os \u00f3rg\u00e3os do Poder Judici\u00e1rio com o objetivo de permitir o atendimento aos portadores de sofrimento mental sujeitos \u00e0 medida de seguran\u00e7a de acordo com a Lei 10.216\/2001 &#8211; [&hellip;]<\/p>\n","protected":false},"author":2,"featured_media":0,"comment_status":"open","ping_status":"open","sticky":false,"template":"","format":"standard","meta":{"_links_to":"","_links_to_target":""},"categories":[16],"tags":[],"_links":{"self":[{"href":"https:\/\/www.r2cpress.com.br\/v1\/wp-json\/wp\/v2\/posts\/21974"}],"collection":[{"href":"https:\/\/www.r2cpress.com.br\/v1\/wp-json\/wp\/v2\/posts"}],"about":[{"href":"https:\/\/www.r2cpress.com.br\/v1\/wp-json\/wp\/v2\/types\/post"}],"author":[{"embeddable":true,"href":"https:\/\/www.r2cpress.com.br\/v1\/wp-json\/wp\/v2\/users\/2"}],"replies":[{"embeddable":true,"href":"https:\/\/www.r2cpress.com.br\/v1\/wp-json\/wp\/v2\/comments?post=21974"}],"version-history":[{"count":2,"href":"https:\/\/www.r2cpress.com.br\/v1\/wp-json\/wp\/v2\/posts\/21974\/revisions"}],"predecessor-version":[{"id":21976,"href":"https:\/\/www.r2cpress.com.br\/v1\/wp-json\/wp\/v2\/posts\/21974\/revisions\/21976"}],"wp:attachment":[{"href":"https:\/\/www.r2cpress.com.br\/v1\/wp-json\/wp\/v2\/media?parent=21974"}],"wp:term":[{"taxonomy":"category","embeddable":true,"href":"https:\/\/www.r2cpress.com.br\/v1\/wp-json\/wp\/v2\/categories?post=21974"},{"taxonomy":"post_tag","embeddable":true,"href":"https:\/\/www.r2cpress.com.br\/v1\/wp-json\/wp\/v2\/tags?post=21974"}],"curies":[{"name":"wp","href":"https:\/\/api.w.org\/{rel}","templated":true}]}}