{"id":21994,"date":"2011-08-16T06:00:00","date_gmt":"2011-08-16T09:00:00","guid":{"rendered":"http:\/\/www.r2cpress.com.br\/v1\/?p=21994"},"modified":"2011-08-15T20:03:50","modified_gmt":"2011-08-15T23:03:50","slug":"meu-amigo-jayro-seixas-2","status":"publish","type":"post","link":"https:\/\/www.r2cpress.com.br\/v1\/2011\/08\/16\/meu-amigo-jayro-seixas-2\/","title":{"rendered":"MEU AMIGO JAYRO SEIXAS"},"content":{"rendered":"<p><a href=\"http:\/\/www.r2cpress.com.br\/v1\/wp-content\/uploads\/jayr\u00e3o-aquisi\u00e7\u00e3o-celestial_com-300-de-largura.jpg\"><img loading=\"lazy\" src=\"http:\/\/www.r2cpress.com.br\/v1\/wp-content\/uploads\/jayr\u00e3o-aquisi\u00e7\u00e3o-celestial_com-300-de-largura.jpg\" alt=\"\" title=\"jayr\u00e3o aquisi\u00e7\u00e3o celestial_com 300 de largura\" width=\"300\" height=\"343\" class=\"alignright size-full wp-image-21995\" srcset=\"https:\/\/www.r2cpress.com.br\/v1\/wp-content\/uploads\/jayr\u00e3o-aquisi\u00e7\u00e3o-celestial_com-300-de-largura.jpg 300w, https:\/\/www.r2cpress.com.br\/v1\/wp-content\/uploads\/jayr\u00e3o-aquisi\u00e7\u00e3o-celestial_com-300-de-largura-262x300.jpg 262w\" sizes=\"(max-width: 300px) 100vw, 300px\" \/><\/a><b>Hoje 16 de agosto meu eterno amigo JAYRO SEIXAS estaria completando 62 anos.<\/b><\/p>\n<p>Ainda n\u00e3o consigo entender os planos que vem do alto, procuro me confortar nas obras e a\u00e7\u00f5es que o meu amigo JAYR\u00c3O fez aqui enquanto estava no nosso meio.<\/p>\n<p>Dif\u00edcil encontrar uma pessoa com tamanha grandeza, pois Jayro extrapolava todos os limites e tinha imenso prazer em fazer as pessoas felizes.<\/p>\n<p>Era grande em tudo: no tamanho, no amor dedicado aos irm\u00e3os, na maneira de tratar o pr\u00f3ximo, no compromisso com a sua Igreja Cat\u00f3lica, na vis\u00e3o de um dia ver a justi\u00e7a social imperar entre os privados de assist\u00eancia, amparo e ajuda.<\/p>\n<p>Era um mestre em juntar pessoas, em promover uni\u00e3o, em cuidar dos amigos e da fam\u00edlia e o seu forte mesmo era ajudar a quem o procurasse ou que ele enxergasse que estava precisando de uma ajuda, a\u00ed ele se realizava e vibrava intensamente, sem dizer nada a ningu\u00e9m, mas se mostrava feliz com o que tinha feito pelo pr\u00f3ximo.<\/p>\n<p>Exemplo extremoso de pai e irm\u00e3o. Cuidava da fam\u00edlia como estivesse guardando um precioso tesouro e o fazia com tamanha dedica\u00e7\u00e3o, pois n\u00e3o queria perder ningu\u00e9m do seu rebanho, gostava de ter todos juntos.<\/p>\n<p>At\u00e9 hoje seus amigos e pessoas de todos os cantos da nossa cidade n\u00e3o cansam de lamentar a sua prematura partida, sempre relembrando as suas virtudes de homem voltado para o bem comum, preocupado que sempre foi com os menos favorecidos e com as injusti\u00e7as sociais.<\/p>\n<p>Meu grande amigo! O Senhor Lhe convocou muito cedo, mas a sua miss\u00e3o entre n\u00f3s foi cumprida de uma maneira magistral, pois foi um fiel soldado e entusiasta da Palavra de Deus.<\/p>\n<p><center>Muitas saudades!<br \/>\n<img src = \"http:\/\/www.r2cpress.com.br\/v1\/wp-content\/uploads\/ze-carlos-junior-para-novo-site.jpg\"\/><\/center><\/p>\n","protected":false},"excerpt":{"rendered":"<p>Hoje 16 de agosto meu eterno amigo JAYRO SEIXAS estaria completando 62 anos. Ainda n\u00e3o consigo entender os planos que vem do alto, procuro me confortar nas obras e a\u00e7\u00f5es que o meu amigo JAYR\u00c3O fez aqui enquanto estava no nosso meio. Dif\u00edcil encontrar uma pessoa com tamanha grandeza, pois Jayro extrapolava todos os limites [&hellip;]<\/p>\n","protected":false},"author":2,"featured_media":0,"comment_status":"open","ping_status":"open","sticky":false,"template":"","format":"standard","meta":{"_links_to":"","_links_to_target":""},"categories":[10],"tags":[],"_links":{"self":[{"href":"https:\/\/www.r2cpress.com.br\/v1\/wp-json\/wp\/v2\/posts\/21994"}],"collection":[{"href":"https:\/\/www.r2cpress.com.br\/v1\/wp-json\/wp\/v2\/posts"}],"about":[{"href":"https:\/\/www.r2cpress.com.br\/v1\/wp-json\/wp\/v2\/types\/post"}],"author":[{"embeddable":true,"href":"https:\/\/www.r2cpress.com.br\/v1\/wp-json\/wp\/v2\/users\/2"}],"replies":[{"embeddable":true,"href":"https:\/\/www.r2cpress.com.br\/v1\/wp-json\/wp\/v2\/comments?post=21994"}],"version-history":[{"count":3,"href":"https:\/\/www.r2cpress.com.br\/v1\/wp-json\/wp\/v2\/posts\/21994\/revisions"}],"predecessor-version":[{"id":21998,"href":"https:\/\/www.r2cpress.com.br\/v1\/wp-json\/wp\/v2\/posts\/21994\/revisions\/21998"}],"wp:attachment":[{"href":"https:\/\/www.r2cpress.com.br\/v1\/wp-json\/wp\/v2\/media?parent=21994"}],"wp:term":[{"taxonomy":"category","embeddable":true,"href":"https:\/\/www.r2cpress.com.br\/v1\/wp-json\/wp\/v2\/categories?post=21994"},{"taxonomy":"post_tag","embeddable":true,"href":"https:\/\/www.r2cpress.com.br\/v1\/wp-json\/wp\/v2\/tags?post=21994"}],"curies":[{"name":"wp","href":"https:\/\/api.w.org\/{rel}","templated":true}]}}