{"id":22034,"date":"2011-08-16T08:58:27","date_gmt":"2011-08-16T11:58:27","guid":{"rendered":"http:\/\/www.r2cpress.com.br\/v1\/?p=22034"},"modified":"2011-08-16T08:58:27","modified_gmt":"2011-08-16T11:58:27","slug":"comecam-festejos-em-homenagem-a-sao-roque-em-salvador","status":"publish","type":"post","link":"https:\/\/www.r2cpress.com.br\/v1\/2011\/08\/16\/comecam-festejos-em-homenagem-a-sao-roque-em-salvador\/","title":{"rendered":"Come\u00e7am festejos em homenagem a S\u00e3o Roque em Salvador"},"content":{"rendered":"<p><em><strong>Programa\u00e7\u00e3o prev\u00ea missas durante todo o dia e prociss\u00e3o no fim da tarde.<br \/>\nSanto \u00e9 o protetor das doen\u00e7as para os cat\u00f3licos e adeptos do Candombl\u00e9. <\/strong><\/em><\/p>\n<p><div style=\"width: 310px\" class=\"wp-caption alignleft\"><img loading=\"lazy\" alt=\"Devotos acompanham primeira missa do dia (Foto: Reprodu\u00e7\u00e3o\/TV Bahia)\" src=\"http:\/\/s.glbimg.com\/jo\/g1\/f\/original\/2011\/08\/16\/sao_roque.jpg\" title=\"Devotos acompanham primeira missa do dia (Foto: Reprodu\u00e7\u00e3o\/TV Bahia)\" width=\"300\" height=\"225\" \/><p class=\"wp-caption-text\">Devotos acompanham primeira missa do dia (Foto: Reprodu\u00e7\u00e3o\/TV Bahia)<\/p><\/div>A programa\u00e7\u00e3o religiosa do Dia de S\u00e3o Roque come\u00e7ou cedo na Igreja de S\u00e3o L\u00e1zaro, no bairro da Federa\u00e7\u00e3o, em Salvador, nesta ter\u00e7a-feira (16). O santo, que na tradi\u00e7\u00e3o cat\u00f3lica \u00e9 o protetor dos doentes, \u00e9 o orix\u00e1 Obalu\u00ea no Candombl\u00e9. Pelo legado africano, o orix\u00e1 veste palha e pode tanto proteger como causar doen\u00e7as infecto-contagiosas.<\/p>\n<p>\u00c0s 5h30, uma alvorada de fogos iniciou a festa, seguida pela cerim\u00f4nia de reza do Ter\u00e7o dos Homens \u00e0s 6h. A primeira missa foi realizada \u00e0s 7h e outras est\u00e3o marcadas para 9h, 11h e 15h. Ap\u00f3s a \u00faltima missa, os fi\u00e9is saem em prociss\u00e3o pelas ruas da Federa\u00e7\u00e3o. \u00c0s 17h, ser\u00e1 feita a Ben\u00e7\u00e3o do Sant\u00edssimo e encerramento dos festejos. S\u00e3o L\u00e1zaro e S\u00e3o Roque dividem o mesmo templo religioso. A festa de S\u00e3o L\u00e1zaro \u00e9 comemorada em 11 de fevereiro.<\/p>\n<p>&#8220;H\u00e1 247 anos, o santu\u00e1rio foi constru\u00eddo pelos negros escravos, aqui era a capela de um hospital. Os afrodescendentes baianos t\u00eam um la\u00e7o muito forte com esse templo, tanto de forma religiosa como cultural&#8221;, explica o p\u00e1roco do santu\u00e1rio, Rosivaldo Mota.<\/p>\n<p>Membros dos terreiros de Candombl\u00e9, especialmente os da Federa\u00e7\u00e3o e do Engenho Velho da Federa\u00e7\u00e3o, chegaram bem cedo na porta da Igreja para a lavagem da escadaria. Os devotos s\u00e3o recebidos com o tradicional banho de pipoca, que segundo a tradi\u00e7\u00e3o, serve limpar e espantar o mau olhado.<\/p>\n<p>&#8220;Viajei seis horas com muito amor para pedir sa\u00fade e paz para S\u00e3o Roque&#8221;, diz uma devota, que veio da cidade de Jequi\u00e9, a 365 km da capital.<\/p>\n<p>&#8212;<br \/>\nDo <a href = \"http:\/\/g1.globo.com\/bahia\/noticia\/2011\/08\/comecam-festejos-em-homenagem-sao-roque-em-salvador.html\" target = \"_news\"><b>G1 BA<\/b><\/a><\/p>\n","protected":false},"excerpt":{"rendered":"<p>Programa\u00e7\u00e3o prev\u00ea missas durante todo o dia e prociss\u00e3o no fim da tarde. Santo \u00e9 o protetor das doen\u00e7as para os cat\u00f3licos e adeptos do Candombl\u00e9. A programa\u00e7\u00e3o religiosa do Dia de S\u00e3o Roque come\u00e7ou cedo na Igreja de S\u00e3o L\u00e1zaro, no bairro da Federa\u00e7\u00e3o, em Salvador, nesta ter\u00e7a-feira (16). O santo, que na tradi\u00e7\u00e3o [&hellip;]<\/p>\n","protected":false},"author":2,"featured_media":0,"comment_status":"open","ping_status":"open","sticky":false,"template":"","format":"standard","meta":{"_links_to":"","_links_to_target":""},"categories":[13],"tags":[],"_links":{"self":[{"href":"https:\/\/www.r2cpress.com.br\/v1\/wp-json\/wp\/v2\/posts\/22034"}],"collection":[{"href":"https:\/\/www.r2cpress.com.br\/v1\/wp-json\/wp\/v2\/posts"}],"about":[{"href":"https:\/\/www.r2cpress.com.br\/v1\/wp-json\/wp\/v2\/types\/post"}],"author":[{"embeddable":true,"href":"https:\/\/www.r2cpress.com.br\/v1\/wp-json\/wp\/v2\/users\/2"}],"replies":[{"embeddable":true,"href":"https:\/\/www.r2cpress.com.br\/v1\/wp-json\/wp\/v2\/comments?post=22034"}],"version-history":[{"count":3,"href":"https:\/\/www.r2cpress.com.br\/v1\/wp-json\/wp\/v2\/posts\/22034\/revisions"}],"predecessor-version":[{"id":22037,"href":"https:\/\/www.r2cpress.com.br\/v1\/wp-json\/wp\/v2\/posts\/22034\/revisions\/22037"}],"wp:attachment":[{"href":"https:\/\/www.r2cpress.com.br\/v1\/wp-json\/wp\/v2\/media?parent=22034"}],"wp:term":[{"taxonomy":"category","embeddable":true,"href":"https:\/\/www.r2cpress.com.br\/v1\/wp-json\/wp\/v2\/categories?post=22034"},{"taxonomy":"post_tag","embeddable":true,"href":"https:\/\/www.r2cpress.com.br\/v1\/wp-json\/wp\/v2\/tags?post=22034"}],"curies":[{"name":"wp","href":"https:\/\/api.w.org\/{rel}","templated":true}]}}