{"id":22075,"date":"2011-08-16T14:04:40","date_gmt":"2011-08-16T17:04:40","guid":{"rendered":"http:\/\/www.r2cpress.com.br\/v1\/?p=22075"},"modified":"2011-08-16T14:04:40","modified_gmt":"2011-08-16T17:04:40","slug":"faculdade-federal","status":"publish","type":"post","link":"https:\/\/www.r2cpress.com.br\/v1\/2011\/08\/16\/faculdade-federal\/","title":{"rendered":"Faculdade Federal"},"content":{"rendered":"<p>De: Wagner <wagneriosba @gmail.com><br \/>\nAssunto: Faculdade Federal<\/p>\n<p>Corpo da mensagem:<br \/>\nDe acordo com o Minist\u00e9rio da Educa\u00e7\u00e3o, a Universidade Federal Sul e Sudeste do Par\u00e1 ter\u00e1 sede na cidade de Marab\u00e1, onde atualmente funciona o campus Marab\u00e1 da Universidade Federal do Par\u00e1. A Universidade Federal da Regi\u00e3o do Cariri, no Cear\u00e1, ter\u00e1 sede em Juazeiro do Norte. J\u00e1 a Bahia ganhar\u00e1 duas institui\u00e7\u00f5es de ensino superior: a Universidade Federal do Oeste da Bahia (Ufoba), com sede em Barreiras, e a Universidade Federal do Sul da Bahia (Ufesba), em Itabuna.<br \/>\nE Ilh\u00e9us aonde vai parar,ficar com a do estado que nosso governador n\u00e3o est\u00e1 nem a\u00ed para Professores e Aluno.<br \/>\nAcorda meu povo, vamos eleger deputados da nossa cidade, que possa trazer melhorias para nosso munic\u00edpio, Ilh\u00e9us necessita de mudan\u00e7as,vamos melhorar o futuro dos nossos filhos,tendo atitudes no hoje.<\/p>\n<p>&#8212;<br \/>\nEsta mensagem foi enviada atrav\u00e9s do formul\u00e1rio de contato do site R2CPRESS | A Letra Fria da Verdade http:\/\/www.r2cpress.com.br\/v1<br \/>\n<\/wagneriosba><\/p>\n","protected":false},"excerpt":{"rendered":"<p>De: Wagner Assunto: Faculdade Federal Corpo da mensagem: De acordo com o Minist\u00e9rio da Educa\u00e7\u00e3o, a Universidade Federal Sul e Sudeste do Par\u00e1 ter\u00e1 sede na cidade de Marab\u00e1, onde atualmente funciona o campus Marab\u00e1 da Universidade Federal do Par\u00e1. A Universidade Federal da Regi\u00e3o do Cariri, no Cear\u00e1, ter\u00e1 sede em Juazeiro do Norte. [&hellip;]<\/p>\n","protected":false},"author":2,"featured_media":0,"comment_status":"open","ping_status":"open","sticky":false,"template":"","format":"standard","meta":{"_links_to":"","_links_to_target":""},"categories":[10],"tags":[],"_links":{"self":[{"href":"https:\/\/www.r2cpress.com.br\/v1\/wp-json\/wp\/v2\/posts\/22075"}],"collection":[{"href":"https:\/\/www.r2cpress.com.br\/v1\/wp-json\/wp\/v2\/posts"}],"about":[{"href":"https:\/\/www.r2cpress.com.br\/v1\/wp-json\/wp\/v2\/types\/post"}],"author":[{"embeddable":true,"href":"https:\/\/www.r2cpress.com.br\/v1\/wp-json\/wp\/v2\/users\/2"}],"replies":[{"embeddable":true,"href":"https:\/\/www.r2cpress.com.br\/v1\/wp-json\/wp\/v2\/comments?post=22075"}],"version-history":[{"count":2,"href":"https:\/\/www.r2cpress.com.br\/v1\/wp-json\/wp\/v2\/posts\/22075\/revisions"}],"predecessor-version":[{"id":22077,"href":"https:\/\/www.r2cpress.com.br\/v1\/wp-json\/wp\/v2\/posts\/22075\/revisions\/22077"}],"wp:attachment":[{"href":"https:\/\/www.r2cpress.com.br\/v1\/wp-json\/wp\/v2\/media?parent=22075"}],"wp:term":[{"taxonomy":"category","embeddable":true,"href":"https:\/\/www.r2cpress.com.br\/v1\/wp-json\/wp\/v2\/categories?post=22075"},{"taxonomy":"post_tag","embeddable":true,"href":"https:\/\/www.r2cpress.com.br\/v1\/wp-json\/wp\/v2\/tags?post=22075"}],"curies":[{"name":"wp","href":"https:\/\/api.w.org\/{rel}","templated":true}]}}