{"id":22082,"date":"2011-08-16T14:33:50","date_gmt":"2011-08-16T17:33:50","guid":{"rendered":"http:\/\/www.r2cpress.com.br\/v1\/?p=22082"},"modified":"2011-08-16T14:33:50","modified_gmt":"2011-08-16T17:33:50","slug":"prefeitura-municipal-de-ilheus-191","status":"publish","type":"post","link":"https:\/\/www.r2cpress.com.br\/v1\/2011\/08\/16\/prefeitura-municipal-de-ilheus-191\/","title":{"rendered":"Prefeitura Municipal de Ilh\u00e9us"},"content":{"rendered":"<p><div id=\"attachment_22083\" style=\"width: 310px\" class=\"wp-caption aligncenter\"><a href=\"http:\/\/www.r2cpress.com.br\/v1\/wp-content\/uploads\/PMI-16-08-2011.jpg\"><img aria-describedby=\"caption-attachment-22083\" loading=\"lazy\" src=\"http:\/\/www.r2cpress.com.br\/v1\/wp-content\/uploads\/PMI-16-08-2011-300x104.jpg\" alt=\"\" title=\"PMI 16 08 2011\" width=\"300\" height=\"104\" class=\"size-medium wp-image-22083\" srcset=\"https:\/\/www.r2cpress.com.br\/v1\/wp-content\/uploads\/PMI-16-08-2011-300x104.jpg 300w, https:\/\/www.r2cpress.com.br\/v1\/wp-content\/uploads\/PMI-16-08-2011.jpg 1024w\" sizes=\"(max-width: 300px) 100vw, 300px\" \/><\/a><p id=\"caption-attachment-22083\" class=\"wp-caption-text\">A\u00c7\u00d5ES DA PREFEITURA DE ILH\u00c9US.<\/p><\/div><br \/>\nIlh\u00e9us sedia 3\u00ba Encontro Baiano de Museus no pr\u00f3ximo m\u00eas<br \/>\nProjeto \u201cViva V\u00f4lei\u201d vai beneficiar  crian\u00e7as e adolescentes em Ilh\u00e9us<br \/>\n5\u00aa Confer\u00eancia Municipal de Sa\u00fade elabora  propostas para etapa estadual e nacional<\/p>\n<p><!--more--><\/p>\n<p>***<\/p>\n<p><strong>Ilh\u00e9us sedia 3\u00ba Encontro Baiano de Museus no pr\u00f3ximo m\u00eas<\/strong><\/p>\n<p>Com o tema \u201cMuseu, Territ\u00f3rio e Inclus\u00e3o Sociocultural\u201d, o 3\u00ba Encontro Baiano de Museus ser\u00e1 realizado entre os dias 21 e 23 de setembro em Ilh\u00e9us. O evento \u00e9 uma realiza\u00e7\u00e3o da Secretaria da Cultura da Bahia atrav\u00e9s da Diretoria de Museus do Instituto do Instituto do Patrim\u00f4nio Art\u00edstico e Cultural (Ipac) da Bahia e visa discutir pol\u00edticas p\u00fablicas que levem ao desenvolvimento e a melhoria do setor museol\u00f3gico, al\u00e9m de promover a troca de experi\u00eancias entre profissionais da \u00e1rea. <\/p>\n<p>A cidade de Ilh\u00e9us foi escolhida para sediar o encontro atrav\u00e9s de vota\u00e7\u00e3o, vencendo a disputa travada com as cidades de Salvador e Cachoeira. Para o presidente da Funda\u00e7\u00e3o Cultural de Ilh\u00e9us, Maur\u00edcio Corso, as expectativas s\u00e3o as melhores poss\u00edveis. \u201c\u00c9 um ganho cultural para a regi\u00e3o que carece de mais informa\u00e7\u00f5es sobre conserva\u00e7\u00e3o, dinamiza\u00e7\u00e3o e difus\u00e3o de seus acervos. Um evento dessa magnitude \u00e9 t\u00e3o importante quanto necess\u00e1rio para a atualiza\u00e7\u00e3o e requalifica\u00e7\u00e3o dos profissionais do interior do estado e para a constru\u00e7\u00e3o de pol\u00edticas p\u00fablicas para o setor\u201d, afirma.<\/p>\n<p>Temas em destaque &#8211; De 21 a 23 de setembro, ser\u00e3o discutidos temas diversos como inclus\u00e3o sociocultural, acessibilidade e desenvolvimento comunit\u00e1rio. Al\u00e9m de palestras, ser\u00e3o realizados minicursos, reuni\u00e3o das Redes de Educadores em Museus e da Rede de T\u00e9cnicos de Museus Universit\u00e1rios. O primeiro dia do encontro ser\u00e1 dedicado \u00e0 Confer\u00eancia Setorial com a escolha dos delegados que ir\u00e3o representar os muse\u00f3logos baianos na Confer\u00eancia Estadual de Cultura. <\/p>\n<p>A abertura acontece no dia 21 de setembro, \u00e0s 8h30, no Teatro Municipal, com a participa\u00e7\u00e3o do secret\u00e1rio de Cultura do Estado, Albino Rubim, do prefeito de Ilh\u00e9us, Newton Lima, do diretor-geral do Ipac, Frederico Mendon\u00e7a, e da diretora de Museus, Maria C\u00e9lia Moura Santos.<\/p>\n<p>Entre os palestrantes est\u00e3o o presidente do Instituto Brasileiro de Museus (Ibram), Jos\u00e9 do Nascimento Junior, o superintendente de Cultura e Desenvolvimento Territorial do Estado, Adalberto Santos, o diretor do Ibram, Mario Chagas, o professor Jos\u00e9 Claudio Alves de Oliveira, da Universidade Federal da Bahia e a convidada internacional do encontro, a muse\u00f3loga mexicana Miriam Arroyo. Com larga experi\u00eancia na \u00e1rea de museus e escolas comunit\u00e1rias, ela falar\u00e1 sobre \u201cMuseu, Territ\u00f3rio e Inclus\u00e3o Sociocultural\u201d.<\/p>\n<p>Equipamentos culturais &#8211; O 3\u00b0 Encontro Baiano de Museus ir\u00e1 movimentar v\u00e1rios espa\u00e7os de Ilh\u00e9us, como a Academia de Letras, a Casa Jorge Amado, o Memorial Misael Tavares, o Teatro Municipal, al\u00e9m do Teatro Pedro Mattos, na Casa dos Artistas, onde ser\u00e3o realizadas diversas atividades culturais. \u201cFizemos quest\u00e3o de realizar este encontro no interior para refor\u00e7ar nosso objetivo de desenvolver pol\u00edticas p\u00fablicas que promovam a integra\u00e7\u00e3o dos v\u00e1rios espa\u00e7os museais existentes no estado\u201d, afirma Maria C\u00e9lia Moura Santos, da Diretoria de Museus.<\/p>\n<p>Aqueles que estiverem no evento poder\u00e3o, ainda, participar de tr\u00eas minicursos: Inclus\u00e3o Sociocultural em Museus com Gabriela Aidar, coordenadora do N\u00facleo de A\u00e7\u00e3o Educativa da Pinacoteca do Estado de S\u00e3o Paulo; Acessibilidade em Museus com Val\u00e9ria Laena, do Memorial da Cultura Cearense, do Centro cultural Drag\u00e3o do Mar (CE); e Museus, Territ\u00f3rios e Desenvolvimento Comunit\u00e1rio, com Miriam Arroyo.<\/p>\n<p>Em 2010, o Encontro foi realizado em Salvador e contou com a participa\u00e7\u00e3o de 48 institui\u00e7\u00f5es da capital e 31 do interior. Para este ano a expectativa \u00e9 de superar este n\u00famero. As inscri\u00e7\u00f5es para participar do encontro e dos minicursos est\u00e3o abertas e podem ser feitas at\u00e9 14 de setembro atrav\u00e9s do email encontrobaianodemuseus@gmail.com. Mais informa\u00e7\u00f5es pelo telefone (71) 3117-6381.<\/p>\n<p><strong>Projeto \u201cViva V\u00f4lei\u201d vai beneficiar  crian\u00e7as e adolescentes em Ilh\u00e9us<\/strong><\/p>\n<p>O Projeto \u201cViva V\u00f4lei\u201d, que visa beneficiar crian\u00e7as e adolescentes de 7 a 14 anos, oriundos de comunidades carentes, ser\u00e1 lan\u00e7ado em Ilh\u00e9us nesta quarta-feira (17), a partir das 9 horas, no Gin\u00e1sio de Esportes Herval Soledade, na avenida Canavieiras. A aula inaugural do projeto, considerada pelos organizadores como um importante instrumento de educa\u00e7\u00e3o e de socializa\u00e7\u00e3o, contar\u00e1 com a presen\u00e7a de representantes                        da Confedera\u00e7\u00e3o Brasileira (CBV) e da Federa\u00e7\u00e3o Baiana de Voleibol (FBV).<\/p>\n<p>Segundo informa\u00e7\u00f5es do superintendente de Esportes da Prefeitura de Ilh\u00e9us, Alberto Kruschewsky, as pessoas que atuar\u00e3o no projeto, como estagi\u00e1rios e professores de Educa\u00e7\u00e3o F\u00edsica, j\u00e1 foram submetidos a treinamento com prepostos da Federa\u00e7\u00e3o e da Confedera\u00e7\u00e3o de Voleibol. \u201cPor outro lado, o material que ser\u00e1 utilizado, incluindo redes e bolas, j\u00e1 foi enviado pela CBV e, atualmente, encontra-se guardado no Parque Desportivo da Universidade Estadual de Santa Cruz, uma vez que pretendemos \u2018casar\u2019 esta iniciativa com outro projeto de extens\u00e3o da pr\u00f3pria Uesc\u201d, comenta Kruschewsky.<\/p>\n<p>De acordo com a programa\u00e7\u00e3o inicialmente divulgada, por volta das 9 horas, ser\u00e1 formada a mesa, que dever\u00e1 reunir autoridades, patrocinadores e desportistas. Meia hora depois, ser\u00e1 executado o Hino Nacional Brasileiro, com eventuais pronunciamentos na sequ\u00eancia. \u00c0s 10 horas, com \u00eanfase para atividades l\u00fadicas e recreativas, bem como para demonstra\u00e7\u00f5es de t\u00e9cnicas e fundamentos, acontecer\u00e1 a apresenta\u00e7\u00e3o das 24 crian\u00e7as e adolescentes que estar\u00e3o participando do Projeto \u201cViva V\u00f4lei\u201d. Por volta das 11 horas, haver\u00e1 apresenta\u00e7\u00e3o de grupos locais; 12 horas, sorteio de brindes; 13 horas, distribui\u00e7\u00e3o de lanches para as crian\u00e7as e adolescentes; e 13h30min, encerramento.<\/p>\n<p><strong>5\u00aa Confer\u00eancia Municipal de Sa\u00fade elabora  propostas para etapa estadual e nacional<\/strong><\/p>\n<p>A 5\u00aa Confer\u00eancia Municipal de Sa\u00fade de Ilh\u00e9us, realizada nos dias 29 e 30 de julho, teve como objetivo principal criar espa\u00e7os de discuss\u00e3o sobre o SUS (Sistema \u00danico de Sa\u00fade), al\u00e9m de refletir e analisar sobre as atuais condi\u00e7\u00f5es de sa\u00fade da popula\u00e7\u00e3o no munic\u00edpio. Durante a Confer\u00eancia, foram eleitos 16 delegados que representar\u00e3o o munic\u00edpio na Confer\u00eancia Estadual de Sa\u00fade, sendo oito do segmento usu\u00e1rio, quatro do segmento trabalhador e quatro do segmento gestores e prestadores. Os delegados ir\u00e3o apresentar na Confer\u00eancia Estadual e Nacional da Sa\u00fade, as propostas formatadas pelos participantes duranteas diversas oficinas realizadas em Ilh\u00e9us.<\/p>\n<p>Entre as diversas propostas elaboradasda Confer\u00eancia Municipal est\u00e3o as sugest\u00f5es para a implementa\u00e7\u00e3o do cart\u00e3o SUS, evitando a sobrecarga financeira para os munic\u00edpios que recebem popula\u00e7\u00e3o flutuante (turistas); aperfei\u00e7oamento do sistema de informa\u00e7\u00e3o do programa Hiperdia; Sistema de Informa\u00e7\u00e3o da Aten\u00e7\u00e3o B\u00e1sica (Siab); Bolsa Fam\u00edlia na Sa\u00fade;reestrutura\u00e7\u00e3o e equipara\u00e7\u00e3o da Rede B\u00e1sica existente; e garantias para o fornecimento de medicamentos para os pacientes com patologias cr\u00f4nicas e graves.<\/p>\n<p>Interatividade e capacita\u00e7\u00e3o &#8211; Os segmentos participantes da Confer\u00eancia tamb\u00e9m elaboraram propostas de parcerias a serem firmadasentre os setores daSa\u00fade e Educa\u00e7\u00e3o com a finalidade de implantar o Programa Sa\u00fade na Escola (PSE) nos munic\u00edpios com popula\u00e7\u00e3o acima de 30 mil habitantes; implantar a pol\u00edtica de educa\u00e7\u00e3o popular em sa\u00fade; e fortalecer a intersetorialidade entre sa\u00fade e educa\u00e7\u00e3o, ampliando o acesso, promovendo e incentivando o debate sobre o direito \u00e0 sa\u00fade.<\/p>\n<p>No tocante \u00e0 participa\u00e7\u00e3o, controle social e incremento \u00e0 a\u00e7\u00e3o comunit\u00e1ria, foram elaboradas propostas como participa\u00e7\u00e3o dos \u00f3rg\u00e3os da sa\u00fade no planejamento e execu\u00e7\u00e3o de drenagem e limpeza de canais para prevenir a dengue. Ainda foi sugeridoque o Conselho Municipal daSa\u00fade (CSM) firme parceria com o Minist\u00e9rio P\u00fablico Federal (MPF) e Controladoria Gerald da Uni\u00e3o (CGU), no sentido de capacitar os conselheiros para fiscalizar a aplica\u00e7\u00e3o dos recursos do SUS, e garantir a participa\u00e7\u00e3o ativa do CMS na discuss\u00e3o e elabora\u00e7\u00e3o do ciclo or\u00e7ament\u00e1rio da sa\u00fade, mediante fixa\u00e7\u00e3o no calend\u00e1rio.<\/p>\n<p>Ainda foram elaborada propostassobre quest\u00f5es futuras, a exemplo dos desafios da gest\u00e3o do SUS, com vistas\u00e0reorienta\u00e7\u00e3o do sistema de sa\u00fade, a exemplo daimplanta\u00e7\u00e3oda pol\u00edtica estadual de educa\u00e7\u00e3o popular em sa\u00fade; qualificar os profissionais para atendimento aos renais no HGLVF; solicitar junto \u00e0Sesab agilidade na convoca\u00e7\u00e3o dos aprovados no concurso p\u00fablico; ampliar o teto financeiro para concess\u00e3o de \u00f3rtese e pr\u00f3tese; e ampliar as cotas de procedimentos e atendimentos m\u00e9dicos na rede. Tamb\u00e9m foi sugerida aqualifica\u00e7\u00e3odos profissionais para o atendimento aos portadores de doen\u00e7as cr\u00f4nicas e degenerativas; a implanta\u00e7\u00e3odo centro de capta\u00e7\u00e3o de \u00f3rg\u00e3os e transplantes para regi\u00e3o;al\u00e9m da reforma e constru\u00e7\u00e3odas unidades b\u00e1sicas de sa\u00fade da rede pr\u00f3pria.<\/p>\n<p>Sistema deve ser pleno &#8211; A palestra de abertura teve a tem\u00e1tica principal da Confer\u00eancia: Todos usam o SUS! SUS na seguridade social, pol\u00edtica p\u00fablica e patrim\u00f4nio do povo brasileiro, e foi ministrada pela Dra. L\u00edgia Bahia.A m\u00e9dica, especialista em sa\u00fade p\u00fablica, falou sobre o hist\u00f3rico do Sistema de Sa\u00fade no Brasil, explicou a sua complexa rede de funcionamento, fazendo um r\u00e1pido levantamento dos principais problemas comuns a todos os estados brasileiros, propondo diretrizes para qualificar o atendimento ao paciente.<\/p>\n<p>\u201cO objetivo \u00e9 que o SUS seja um sistema pleno, para que todos, ricos e pobres, possam usufruir desse sistema que dever ser \u00fanico\u201d, afirmou a m\u00e9dica. Durante as atividades tamb\u00e9m foi realizada uma mesa-redonda com palestras de Tiago Parada com o tema, Pol\u00edtica de Sa\u00fade na seguridade social, segundo os princ\u00edpios da integralidade, universalidade e equidade, Participa\u00e7\u00e3o da comunidade e controle social, pela Dr\u00aa Ligia Bahia, e Gest\u00e3o do SUS pela Dr\u00aa Deborah Dourado.<\/p>\n","protected":false},"excerpt":{"rendered":"<p>Ilh\u00e9us sedia 3\u00ba Encontro Baiano de Museus no pr\u00f3ximo m\u00eas Projeto \u201cViva V\u00f4lei\u201d vai beneficiar crian\u00e7as e adolescentes em Ilh\u00e9us 5\u00aa Confer\u00eancia Municipal de Sa\u00fade elabora propostas para etapa estadual e nacional<\/p>\n","protected":false},"author":2,"featured_media":0,"comment_status":"open","ping_status":"open","sticky":false,"template":"","format":"standard","meta":{"_links_to":"","_links_to_target":""},"categories":[23],"tags":[],"_links":{"self":[{"href":"https:\/\/www.r2cpress.com.br\/v1\/wp-json\/wp\/v2\/posts\/22082"}],"collection":[{"href":"https:\/\/www.r2cpress.com.br\/v1\/wp-json\/wp\/v2\/posts"}],"about":[{"href":"https:\/\/www.r2cpress.com.br\/v1\/wp-json\/wp\/v2\/types\/post"}],"author":[{"embeddable":true,"href":"https:\/\/www.r2cpress.com.br\/v1\/wp-json\/wp\/v2\/users\/2"}],"replies":[{"embeddable":true,"href":"https:\/\/www.r2cpress.com.br\/v1\/wp-json\/wp\/v2\/comments?post=22082"}],"version-history":[{"count":2,"href":"https:\/\/www.r2cpress.com.br\/v1\/wp-json\/wp\/v2\/posts\/22082\/revisions"}],"predecessor-version":[{"id":22085,"href":"https:\/\/www.r2cpress.com.br\/v1\/wp-json\/wp\/v2\/posts\/22082\/revisions\/22085"}],"wp:attachment":[{"href":"https:\/\/www.r2cpress.com.br\/v1\/wp-json\/wp\/v2\/media?parent=22082"}],"wp:term":[{"taxonomy":"category","embeddable":true,"href":"https:\/\/www.r2cpress.com.br\/v1\/wp-json\/wp\/v2\/categories?post=22082"},{"taxonomy":"post_tag","embeddable":true,"href":"https:\/\/www.r2cpress.com.br\/v1\/wp-json\/wp\/v2\/tags?post=22082"}],"curies":[{"name":"wp","href":"https:\/\/api.w.org\/{rel}","templated":true}]}}