{"id":22089,"date":"2011-08-16T16:10:40","date_gmt":"2011-08-16T19:10:40","guid":{"rendered":"http:\/\/www.r2cpress.com.br\/v1\/?p=22089"},"modified":"2011-08-16T18:10:22","modified_gmt":"2011-08-16T21:10:22","slug":"lancha-para-o-ibama","status":"publish","type":"post","link":"https:\/\/www.r2cpress.com.br\/v1\/2011\/08\/16\/lancha-para-o-ibama\/","title":{"rendered":"Lancha para o IBAMA"},"content":{"rendered":"<p>Boa tarde,<\/p>\n<p>No dia 17 de agosto de 2011 (quarta-feira), \u00e0s 10h:00, haver\u00e1 a entrega de uma lancha ao IBAMA, que j\u00e1 estava sem este instumento de trabalho dede 2001.<br \/>\nO instrumento foi adquirido com recurso oriundo de infratores ambientais.<br \/>\nA lancha \u00e9 de fundamental import\u00e2ncia para fiscaliza\u00e7\u00e3o ambiental no mar e nos rios do sul e extremo sul da Bahia.<br \/>\n<strong>Local<\/strong>: Capitania do Portos de Ilh\u00e9us com endere\u00e7o na Rua Major Homem Del Rey, 217, Cidade Nova, Ilheus-Bahia.<\/p>\n<p>Na oportunidade estar\u00e3o presentes:<\/p>\n<p>1- Gerente Regional do IBAMA;<br \/>\n2- Delegado da Pol\u00edcia Ambiental;<br \/>\n3- Comandante da COOPA;<br \/>\n4- Comandante da Capitania dos portos;<br \/>\n5- Promotor de Justi\u00e7a;<br \/>\n6- Secret\u00e1rio de meio Ambiente;<br \/>\n7- Gerente do IMA, entre outras autoridade.<\/p>\n<p>Desde j\u00e1 agradecemos a divulga\u00e7\u00e3o.<\/p>\n<p>Urbano Moura<\/p>\n","protected":false},"excerpt":{"rendered":"<p>Boa tarde, No dia 17 de agosto de 2011 (quarta-feira), \u00e0s 10h:00, haver\u00e1 a entrega de uma lancha ao IBAMA, que j\u00e1 estava sem este instumento de trabalho dede 2001. O instrumento foi adquirido com recurso oriundo de infratores ambientais. A lancha \u00e9 de fundamental import\u00e2ncia para fiscaliza\u00e7\u00e3o ambiental no mar e nos rios do [&hellip;]<\/p>\n","protected":false},"author":2,"featured_media":0,"comment_status":"open","ping_status":"open","sticky":false,"template":"","format":"standard","meta":{"_links_to":"","_links_to_target":""},"categories":[10],"tags":[],"_links":{"self":[{"href":"https:\/\/www.r2cpress.com.br\/v1\/wp-json\/wp\/v2\/posts\/22089"}],"collection":[{"href":"https:\/\/www.r2cpress.com.br\/v1\/wp-json\/wp\/v2\/posts"}],"about":[{"href":"https:\/\/www.r2cpress.com.br\/v1\/wp-json\/wp\/v2\/types\/post"}],"author":[{"embeddable":true,"href":"https:\/\/www.r2cpress.com.br\/v1\/wp-json\/wp\/v2\/users\/2"}],"replies":[{"embeddable":true,"href":"https:\/\/www.r2cpress.com.br\/v1\/wp-json\/wp\/v2\/comments?post=22089"}],"version-history":[{"count":4,"href":"https:\/\/www.r2cpress.com.br\/v1\/wp-json\/wp\/v2\/posts\/22089\/revisions"}],"predecessor-version":[{"id":22116,"href":"https:\/\/www.r2cpress.com.br\/v1\/wp-json\/wp\/v2\/posts\/22089\/revisions\/22116"}],"wp:attachment":[{"href":"https:\/\/www.r2cpress.com.br\/v1\/wp-json\/wp\/v2\/media?parent=22089"}],"wp:term":[{"taxonomy":"category","embeddable":true,"href":"https:\/\/www.r2cpress.com.br\/v1\/wp-json\/wp\/v2\/categories?post=22089"},{"taxonomy":"post_tag","embeddable":true,"href":"https:\/\/www.r2cpress.com.br\/v1\/wp-json\/wp\/v2\/tags?post=22089"}],"curies":[{"name":"wp","href":"https:\/\/api.w.org\/{rel}","templated":true}]}}