{"id":22097,"date":"2011-08-16T16:37:08","date_gmt":"2011-08-16T19:37:08","guid":{"rendered":"http:\/\/www.r2cpress.com.br\/v1\/?p=22097"},"modified":"2011-08-16T16:37:08","modified_gmt":"2011-08-16T19:37:08","slug":"curso-agentes-de-combate-as-endemias","status":"publish","type":"post","link":"https:\/\/www.r2cpress.com.br\/v1\/2011\/08\/16\/curso-agentes-de-combate-as-endemias\/","title":{"rendered":"CURSO \/ Agentes de Combate \u00e0s Endemias"},"content":{"rendered":"<p align=\"center\"><strong>AVISO<\/strong><\/p>\n<p>\u00a0A SESAB e a Funda\u00e7\u00e3o CEFETBAHIA informam aos aprovados e classificados no processo seletivo para Agentes de Combate \u00e0s Endemias, Edital 001\/2010 SESAB, que novas turmas do Curso Introdut\u00f3rio de Forma\u00e7\u00e3o Inicial e Continuada dos Agentes de Combate \u00e0s Endemias \u2013 ACE, ser\u00e3o realizadas de <strong>08\/08<\/strong> a <strong>02\/09\/2011<\/strong>, em data, local e hor\u00e1rio definidos na rela\u00e7\u00e3o publicada no endere\u00e7o eletr\u00f4nico <a href=\"http:\/\/www.fundacaocefetbahia.org.br\/sesab\/ace\/curso_ace.asp\" target=\"_blank\">www.fundacaocefetbahia.org.br\/<wbr>sesab\/ace\/curso_ace.asp<\/wbr><\/a>, nos murais das prefeituras compromissadas\u00a0 e sedes das respectivas DIRES.<\/p>\n","protected":false},"excerpt":{"rendered":"<p>AVISO \u00a0A SESAB e a Funda\u00e7\u00e3o CEFETBAHIA informam aos aprovados e classificados no processo seletivo para Agentes de Combate \u00e0s Endemias, Edital 001\/2010 SESAB, que novas turmas do Curso Introdut\u00f3rio de Forma\u00e7\u00e3o Inicial e Continuada dos Agentes de Combate \u00e0s Endemias \u2013 ACE, ser\u00e3o realizadas de 08\/08 a 02\/09\/2011, em data, local e hor\u00e1rio definidos [&hellip;]<\/p>\n","protected":false},"author":2,"featured_media":0,"comment_status":"open","ping_status":"open","sticky":false,"template":"","format":"standard","meta":{"_links_to":"","_links_to_target":""},"categories":[24],"tags":[],"_links":{"self":[{"href":"https:\/\/www.r2cpress.com.br\/v1\/wp-json\/wp\/v2\/posts\/22097"}],"collection":[{"href":"https:\/\/www.r2cpress.com.br\/v1\/wp-json\/wp\/v2\/posts"}],"about":[{"href":"https:\/\/www.r2cpress.com.br\/v1\/wp-json\/wp\/v2\/types\/post"}],"author":[{"embeddable":true,"href":"https:\/\/www.r2cpress.com.br\/v1\/wp-json\/wp\/v2\/users\/2"}],"replies":[{"embeddable":true,"href":"https:\/\/www.r2cpress.com.br\/v1\/wp-json\/wp\/v2\/comments?post=22097"}],"version-history":[{"count":3,"href":"https:\/\/www.r2cpress.com.br\/v1\/wp-json\/wp\/v2\/posts\/22097\/revisions"}],"predecessor-version":[{"id":22100,"href":"https:\/\/www.r2cpress.com.br\/v1\/wp-json\/wp\/v2\/posts\/22097\/revisions\/22100"}],"wp:attachment":[{"href":"https:\/\/www.r2cpress.com.br\/v1\/wp-json\/wp\/v2\/media?parent=22097"}],"wp:term":[{"taxonomy":"category","embeddable":true,"href":"https:\/\/www.r2cpress.com.br\/v1\/wp-json\/wp\/v2\/categories?post=22097"},{"taxonomy":"post_tag","embeddable":true,"href":"https:\/\/www.r2cpress.com.br\/v1\/wp-json\/wp\/v2\/tags?post=22097"}],"curies":[{"name":"wp","href":"https:\/\/api.w.org\/{rel}","templated":true}]}}