{"id":22101,"date":"2011-08-16T16:45:11","date_gmt":"2011-08-16T19:45:11","guid":{"rendered":"http:\/\/www.r2cpress.com.br\/v1\/?p=22101"},"modified":"2011-08-17T09:16:33","modified_gmt":"2011-08-17T12:16:33","slug":"atleta-ilheense-conquista-3%c2%ba-lugar-na-copa-brasil","status":"publish","type":"post","link":"https:\/\/www.r2cpress.com.br\/v1\/2011\/08\/16\/atleta-ilheense-conquista-3%c2%ba-lugar-na-copa-brasil\/","title":{"rendered":"ATLETA ILHEENSE CONQUISTA 3\u00ba LUGAR NA COPA BRASIL"},"content":{"rendered":"<p><center><a href=\"http:\/\/www.r2cpress.com.br\/v1\/wp-content\/uploads\/Guilherme-ficou-em-3\u00ba-\u00fanico-baiano-a-participar-da-competi\u00e7\u00e3o.jpg\"><img loading=\"lazy\" src=\"http:\/\/www.r2cpress.com.br\/v1\/wp-content\/uploads\/Guilherme-ficou-em-3\u00ba-\u00fanico-baiano-a-participar-da-competi\u00e7\u00e3o.jpg\" alt=\"\" title=\"Guilherme ficou em 3\u00ba, \u00fanico baiano a participar da competi\u00e7\u00e3o\" width=\"450\" height=\"338\" class=\"aligncenter size-full wp-image-22102\" srcset=\"https:\/\/www.r2cpress.com.br\/v1\/wp-content\/uploads\/Guilherme-ficou-em-3\u00ba-\u00fanico-baiano-a-participar-da-competi\u00e7\u00e3o.jpg 450w, https:\/\/www.r2cpress.com.br\/v1\/wp-content\/uploads\/Guilherme-ficou-em-3\u00ba-\u00fanico-baiano-a-participar-da-competi\u00e7\u00e3o-300x225.jpg 300w\" sizes=\"(max-width: 450px) 100vw, 450px\" \/><\/a><\/center><br \/>\n\u00c9 com muita alegria que informamos que o atleta Ilheense Guilherme Sampaio conquistou o 3\u00ba lugar na categoria sub 21 (54kg) na Copa do Brasil de taekwondo, realizada em Fortaleza, neste final de semana. De acordo com o professor dele, Leandro Ferreira, o resultado garante pontua\u00e7\u00e3o suficiente para ficar na 2\u00aa coloca\u00e7\u00e3o no ranking nacional na conquista por uma vaga ol\u00edmpica.<br \/>\nO atleta ilheense foi recebido em Fortaleza pela CDL daquela capital atrav\u00e9s de um  pedido da CDL de Ilheus.  Guilherme foi recebido no aeroporto, hospedado e alimentado pela CDL de Fortaleza e isto sem custos para o atleta.<br \/>\nEsta semana, o atleta seguir\u00e1 para Salvador, onde representar\u00e1 mais uma vez nossa cidade, no Campeonato Baiano.<\/p>\n<p>&#8212;<br \/>\nASCOM CDL ILH\u00c9US<\/p>\n","protected":false},"excerpt":{"rendered":"<p>\u00c9 com muita alegria que informamos que o atleta Ilheense Guilherme Sampaio conquistou o 3\u00ba lugar na categoria sub 21 (54kg) na Copa do Brasil de taekwondo, realizada em Fortaleza, neste final de semana. De acordo com o professor dele, Leandro Ferreira, o resultado garante pontua\u00e7\u00e3o suficiente para ficar na 2\u00aa coloca\u00e7\u00e3o no ranking nacional [&hellip;]<\/p>\n","protected":false},"author":2,"featured_media":0,"comment_status":"open","ping_status":"open","sticky":false,"template":"","format":"standard","meta":{"_links_to":"","_links_to_target":""},"categories":[11],"tags":[],"_links":{"self":[{"href":"https:\/\/www.r2cpress.com.br\/v1\/wp-json\/wp\/v2\/posts\/22101"}],"collection":[{"href":"https:\/\/www.r2cpress.com.br\/v1\/wp-json\/wp\/v2\/posts"}],"about":[{"href":"https:\/\/www.r2cpress.com.br\/v1\/wp-json\/wp\/v2\/types\/post"}],"author":[{"embeddable":true,"href":"https:\/\/www.r2cpress.com.br\/v1\/wp-json\/wp\/v2\/users\/2"}],"replies":[{"embeddable":true,"href":"https:\/\/www.r2cpress.com.br\/v1\/wp-json\/wp\/v2\/comments?post=22101"}],"version-history":[{"count":5,"href":"https:\/\/www.r2cpress.com.br\/v1\/wp-json\/wp\/v2\/posts\/22101\/revisions"}],"predecessor-version":[{"id":22160,"href":"https:\/\/www.r2cpress.com.br\/v1\/wp-json\/wp\/v2\/posts\/22101\/revisions\/22160"}],"wp:attachment":[{"href":"https:\/\/www.r2cpress.com.br\/v1\/wp-json\/wp\/v2\/media?parent=22101"}],"wp:term":[{"taxonomy":"category","embeddable":true,"href":"https:\/\/www.r2cpress.com.br\/v1\/wp-json\/wp\/v2\/categories?post=22101"},{"taxonomy":"post_tag","embeddable":true,"href":"https:\/\/www.r2cpress.com.br\/v1\/wp-json\/wp\/v2\/tags?post=22101"}],"curies":[{"name":"wp","href":"https:\/\/api.w.org\/{rel}","templated":true}]}}