{"id":22118,"date":"2011-08-16T18:20:26","date_gmt":"2011-08-16T21:20:26","guid":{"rendered":"http:\/\/www.r2cpress.com.br\/v1\/?p=22118"},"modified":"2011-08-16T18:20:26","modified_gmt":"2011-08-16T21:20:26","slug":"descaso-com-os-funcionarios-da-saude","status":"publish","type":"post","link":"https:\/\/www.r2cpress.com.br\/v1\/2011\/08\/16\/descaso-com-os-funcionarios-da-saude\/","title":{"rendered":"descaso com os funcion\u00e1rios da sa\u00fade"},"content":{"rendered":"<p>De: Ivete dos Santos Costa <ivete .costa52@hotmail.com><br \/>\nAssunto: descaso dos funcion\u00e1rios da sa\u00fade<\/p>\n<p>Corpo da mensagem:<br \/>\nBoa Tarde,<\/p>\n<p>Sou funcion\u00e1ria da sa\u00fade \u00e0 sete anos e nunca vi tanto descaso com os funcion\u00e1rios e com a sa\u00fade, pois no Posto que trabalho falta material para curativo, preventivo. At\u00e9 a  Autoclave para estereliza\u00e7\u00e3o, por causa de um cano que deve ser de ferro, devido \u00e0 temperatura, a secretaria diz que n\u00e3o tem dinheiro para comprar, r\u00e9medios falta nas unidades, Ar condicionado das salas dos m\u00e9dicos j\u00e1 tem mais de um ano que n\u00e3o consertam, pois a empresa que faz o servi\u00e7o se nega por falta de pagamento, em fim a sa\u00fade esta fazendo vergonha depois que este Prefeito incompetente e que n\u00e3o sabe nada de administra\u00e7\u00e3o, s\u00f3 sabe mesmo \u00e9 &#8230; <strong>(cortado\/Rabat)<\/strong> &#8230; e colocar &#8230; <strong>(cortado\/Rabat)<\/strong> &#8230; junto com ele.  \u00c9 impossivel que ninguem fa\u00e7a nada, \u00e9 preciso acionar a justi\u00e7a, o Minist\u00e9rio Publico e as autoridades do Minist\u00e9rio da Sa\u00fade para fazer uma auditoria dentro da Secret\u00e1ria de Sa\u00fade. e para a acabar de completar o Prefeito Niltom Lima, colocou um secret\u00e1rio incompetente que esta fazendo a maior revolu\u00e7\u00e3o dentro da secret\u00e1ria de sa\u00fade, ele esta atrasando o sal\u00e1rio de todos os servidores e descontando quinze dias dos funcionarios e amea\u00e7ando colocar todos os contrados para fora sem nem uma justificativa.<br \/>\n\u00c9 Prefeito Niltom Lima, o senhor foi a pior gest\u00e3o que Ilh\u00e9us j\u00e1 teve, al\u00e9m de destruir a cidade, est\u00e1 destruindo a sa\u00fade da popula\u00e7\u00e3o, mais o senhor sabe que n\u00e3o vai &#8230; <strong>(cortado\/Rabat)<\/strong> &#8230; espero que todas as pessoas leiam e entendam que precisamos colocar este prefeito pr\u00e1 fora, antes que a cidade afunde e ele leve todos para o buraco.<\/p>\n<p>&#8212;<br \/>\nEsta mensagem foi enviada atrav\u00e9s do formul\u00e1rio de contato do site R2CPRESS | A Letra Fria da Verdade http:\/\/www.r2cpress.com.br\/v1<\/p>\n<p><b><center>Espa\u00e7o aberto para os citados &#8211; querendo &#8211; se manifestar.<\/center><\/b><\/ivete><\/p>\n","protected":false},"excerpt":{"rendered":"<p>De: Ivete dos Santos Costa Assunto: descaso dos funcion\u00e1rios da sa\u00fade Corpo da mensagem: Boa Tarde, Sou funcion\u00e1ria da sa\u00fade \u00e0 sete anos e nunca vi tanto descaso com os funcion\u00e1rios e com a sa\u00fade, pois no Posto que trabalho falta material para curativo, preventivo. At\u00e9 a Autoclave para estereliza\u00e7\u00e3o, por causa de um cano [&hellip;]<\/p>\n","protected":false},"author":2,"featured_media":0,"comment_status":"open","ping_status":"open","sticky":false,"template":"","format":"standard","meta":{"_links_to":"","_links_to_target":""},"categories":[10],"tags":[],"_links":{"self":[{"href":"https:\/\/www.r2cpress.com.br\/v1\/wp-json\/wp\/v2\/posts\/22118"}],"collection":[{"href":"https:\/\/www.r2cpress.com.br\/v1\/wp-json\/wp\/v2\/posts"}],"about":[{"href":"https:\/\/www.r2cpress.com.br\/v1\/wp-json\/wp\/v2\/types\/post"}],"author":[{"embeddable":true,"href":"https:\/\/www.r2cpress.com.br\/v1\/wp-json\/wp\/v2\/users\/2"}],"replies":[{"embeddable":true,"href":"https:\/\/www.r2cpress.com.br\/v1\/wp-json\/wp\/v2\/comments?post=22118"}],"version-history":[{"count":4,"href":"https:\/\/www.r2cpress.com.br\/v1\/wp-json\/wp\/v2\/posts\/22118\/revisions"}],"predecessor-version":[{"id":22122,"href":"https:\/\/www.r2cpress.com.br\/v1\/wp-json\/wp\/v2\/posts\/22118\/revisions\/22122"}],"wp:attachment":[{"href":"https:\/\/www.r2cpress.com.br\/v1\/wp-json\/wp\/v2\/media?parent=22118"}],"wp:term":[{"taxonomy":"category","embeddable":true,"href":"https:\/\/www.r2cpress.com.br\/v1\/wp-json\/wp\/v2\/categories?post=22118"},{"taxonomy":"post_tag","embeddable":true,"href":"https:\/\/www.r2cpress.com.br\/v1\/wp-json\/wp\/v2\/tags?post=22118"}],"curies":[{"name":"wp","href":"https:\/\/api.w.org\/{rel}","templated":true}]}}