{"id":22140,"date":"2011-08-16T23:44:53","date_gmt":"2011-08-17T02:44:53","guid":{"rendered":"http:\/\/www.r2cpress.com.br\/v1\/?p=22140"},"modified":"2011-08-16T23:44:53","modified_gmt":"2011-08-17T02:44:53","slug":"empresarios-apontam-24-obras-prioritarias-para-ilheus","status":"publish","type":"post","link":"https:\/\/www.r2cpress.com.br\/v1\/2011\/08\/16\/empresarios-apontam-24-obras-prioritarias-para-ilheus\/","title":{"rendered":"EMPRES\u00c1RIOS APONTAM 24 OBRAS PRIORIT\u00c1RIAS PARA ILH\u00c9US."},"content":{"rendered":"<h2><strong><\/strong><strong>Vejam voc\u00eas! Em 28 de setembro de 2007, portanto, quatro anos e nada do que foi pedido se tornou realidade.<\/strong><\/h2>\n<p><img loading=\"lazy\" class=\"alignleft\" src=\"http:\/\/www.r2cpress.com.br\/v1\/wp-content\/uploads\/ze-carlos-junior-para-novo-site.jpg\" alt=\"\" width=\"300\" height=\"164\" \/>O presidente da Associa\u00e7\u00e3o Comercial (ACILh\u00e9us), Jos\u00e9 Leite de Souza entregou ao governador Jaques Wagner uma pauta com 24 de reivindica\u00e7\u00f5es para o munic\u00edpio de Ilh\u00e9us. O empres\u00e1rio participou da comitiva do prefeito Newton Lima e Vereadores, oportunidade em que foram discutidas quest\u00f5es administravas e pol\u00edticas referentes \u00e0 cidade.<\/p>\n<p>A lista de obras priorit\u00e1rias apontadas pela entidade, que coordena o F\u00f3rum Permanente em Defesa de Ilh\u00e9us \u2013 formado por 25 entidades representativas da sociedade organizada &#8211; inclui: o recapeamento asf\u00e1ltico das principais ruas da cidade; constru\u00e7\u00e3o do semi-anel rodovi\u00e1rio, cujo projeto est\u00e1 pronto no DERBA h\u00e1 mais de 10 anos; constru\u00e7\u00e3o do aeroporto internacional; implementa\u00e7\u00e3o do projeto Shopping a C\u00e9u Aberto do Quarteir\u00e3o Jorge Amado; inser\u00e7\u00e3o de pagamento de horas extra trabalhadas para Policiais Militares do 2\u00b0 BPM; libera\u00e7\u00e3o de uma maior quantidade de combust\u00edvel paras as viaturas das Policias Civil e Militar; armas, algemas, coletes a prova de bala para a Policia Civil na 7\u00aa Coorpin.<\/p>\n<p>Tamb\u00e9m solicitam revitaliza\u00e7\u00e3o, amplia\u00e7\u00e3o do Distrito Industrial de Ilh\u00e9us; capta\u00e7\u00e3o de novas empresas para o P\u00f3lo de Inform\u00e1tica e eletroeletr\u00f4nico e para o Distrito industrial de Ilh\u00e9us; conclus\u00e3o da 3\u00aa etapa do Quarteir\u00e3o Cultural Jorge Amado; constru\u00e7\u00e3o do pavilh\u00e3o de Feiras anexo ao Centro de Conven\u00e7\u00f5es de Ilh\u00e9us \u2013 o projeto encontra-se na Secretaria da Cultura e Turismo\/Bahiatursa.<\/p>\n<p><!--more--><\/p>\n<p>&nbsp;<\/p>\n<p>Pediram ainda a constru\u00e7\u00e3o do terminal de passageiros no Porto de Ilh\u00e9us; implanta\u00e7\u00e3o do Sistema de Esgotamento Sanit\u00e1rio no bairro de Pontal e Oliven\u00e7a; implanta\u00e7\u00e3o do Projeto Orla; revitaliza\u00e7\u00e3o da Est\u00e2ncia Hidromineral de Oliven\u00e7a e implanta\u00e7\u00e3o do servi\u00e7o de \u00e1gua; revitaliza\u00e7\u00e3o do Museu Regional do Cacau; melhoramentos no acesso para Lagoa Encantada; conclus\u00e3o do projeto do Rio do Engenho; conclus\u00e3o do projeto do Parque da Mata da Boa Esperan\u00e7a; urbaniza\u00e7\u00e3o da av. Soares Lopes; constru\u00e7\u00e3o de uma nova Ponte ligando o centro da cidade ao Pontal e constru\u00e7\u00e3o da vila ol\u00edmpica.<\/p>\n<p>Essas obras, segundo Jos\u00e9 Leite de Souza, podem alavancar o desenvolvimento dos setores da ind\u00fastria, turismo, com\u00e9rcio bem como a gera\u00e7\u00e3o de emprego e renda. O Presidente da Associa\u00e7\u00e3o Comercial tamb\u00e9m esteve na Secretaria da Ind\u00fastria Com\u00e9rcio e Minera\u00e7\u00e3o do Estado da Bahia para tratar do programa de ilumina\u00e7\u00e3o especial para final de ano no com\u00e9rcio local.<\/p>\n<p>De acordo com o empres\u00e1rio \u201co governador demonstrou entusiasmo e disse que, apesar das adversidades, tentar\u00e1 viabilizar alguns pontos destacados. Elogiou tamb\u00e9m a sociedade ilheense que est\u00e1 se organizando no F\u00f3rum Permanente para defender os interesses coletivos\u201d.<\/p>\n<p>***<\/p>\n<p>Associa\u00e7\u00e3o Comercial de Ilh\u00e9us<br \/>\n<a href=\"mailto:acilheus@veloxmail.com.br\">acilheus@veloxmail.com.br<\/a><br \/>\n(73) 3231 1268<\/p>\n","protected":false},"excerpt":{"rendered":"<p>Vejam voc\u00eas! Em 28 de setembro de 2007, portanto, quatro anos e nada do que foi pedido se tornou realidade. O presidente da Associa\u00e7\u00e3o Comercial (ACILh\u00e9us), Jos\u00e9 Leite de Souza entregou ao governador Jaques Wagner uma pauta com 24 de reivindica\u00e7\u00f5es para o munic\u00edpio de Ilh\u00e9us. O empres\u00e1rio participou da comitiva do prefeito Newton Lima [&hellip;]<\/p>\n","protected":false},"author":2,"featured_media":0,"comment_status":"open","ping_status":"open","sticky":false,"template":"","format":"standard","meta":{"_links_to":"","_links_to_target":""},"categories":[10],"tags":[],"_links":{"self":[{"href":"https:\/\/www.r2cpress.com.br\/v1\/wp-json\/wp\/v2\/posts\/22140"}],"collection":[{"href":"https:\/\/www.r2cpress.com.br\/v1\/wp-json\/wp\/v2\/posts"}],"about":[{"href":"https:\/\/www.r2cpress.com.br\/v1\/wp-json\/wp\/v2\/types\/post"}],"author":[{"embeddable":true,"href":"https:\/\/www.r2cpress.com.br\/v1\/wp-json\/wp\/v2\/users\/2"}],"replies":[{"embeddable":true,"href":"https:\/\/www.r2cpress.com.br\/v1\/wp-json\/wp\/v2\/comments?post=22140"}],"version-history":[{"count":4,"href":"https:\/\/www.r2cpress.com.br\/v1\/wp-json\/wp\/v2\/posts\/22140\/revisions"}],"predecessor-version":[{"id":22144,"href":"https:\/\/www.r2cpress.com.br\/v1\/wp-json\/wp\/v2\/posts\/22140\/revisions\/22144"}],"wp:attachment":[{"href":"https:\/\/www.r2cpress.com.br\/v1\/wp-json\/wp\/v2\/media?parent=22140"}],"wp:term":[{"taxonomy":"category","embeddable":true,"href":"https:\/\/www.r2cpress.com.br\/v1\/wp-json\/wp\/v2\/categories?post=22140"},{"taxonomy":"post_tag","embeddable":true,"href":"https:\/\/www.r2cpress.com.br\/v1\/wp-json\/wp\/v2\/tags?post=22140"}],"curies":[{"name":"wp","href":"https:\/\/api.w.org\/{rel}","templated":true}]}}