{"id":22145,"date":"2011-08-17T01:12:38","date_gmt":"2011-08-17T04:12:38","guid":{"rendered":"http:\/\/www.r2cpress.com.br\/v1\/?p=22145"},"modified":"2011-08-17T10:44:57","modified_gmt":"2011-08-17T13:44:57","slug":"semana-maconica-ilheus-ba","status":"publish","type":"post","link":"https:\/\/www.r2cpress.com.br\/v1\/2011\/08\/17\/semana-maconica-ilheus-ba\/","title":{"rendered":"SEMANA MA\u00c7\u00d4NICA \/ ILH\u00c9US (BA)"},"content":{"rendered":"<p><strong>DIA DO MA\u00c7OM<\/strong><br \/>\n<strong>LOJA MA\u00c7\u00d4NICA ELIAS OCK\u00c9.<\/strong><\/p>\n<p><center><a href=\"http:\/\/www.r2cpress.com.br\/v1\/wp-content\/uploads\/mont-capa-site_.jpg\"><img loading=\"lazy\" src=\"http:\/\/www.r2cpress.com.br\/v1\/wp-content\/uploads\/mont-capa-site_.jpg\" alt=\"\" title=\"mont capa site_\" width=\"450\" height=\"833\" class=\"alignnone size-full wp-image-22152\" srcset=\"https:\/\/www.r2cpress.com.br\/v1\/wp-content\/uploads\/mont-capa-site_.jpg 450w, https:\/\/www.r2cpress.com.br\/v1\/wp-content\/uploads\/mont-capa-site_-162x300.jpg 162w\" sizes=\"(max-width: 450px) 100vw, 450px\" \/><\/a><\/center><\/p>\n<p>Veja as <strong>FOTOS <\/strong>clicando <a href = \"https:\/\/picasaweb.google.com\/r2cpress\/FOTOSREDUZIDASEILUSTRATIVASPARAOSITEALBUM02#5641661112261699234\" target = \"_news\"><b>AQUI<\/b><\/a> e depois na seta para AVAN\u00c7AR.<\/p>\n<p><center><iframe loading=\"lazy\" width=\"450\" height=\"349\" src=\"http:\/\/www.youtube.com\/embed\/5xyIMPcIE54\" frameborder=\"0\" allowfullscreen><\/iframe><br \/>\n<iframe loading=\"lazy\" width=\"450\" height=\"349\" src=\"http:\/\/www.youtube.com\/embed\/q8DFjNG3Rl8\" frameborder=\"0\" allowfullscreen><\/iframe><br \/>\n<iframe loading=\"lazy\" width=\"450\" height=\"349\" src=\"http:\/\/www.youtube.com\/embed\/hoDZ3g1RG48\" frameborder=\"0\" allowfullscreen><\/iframe><br \/>\n<iframe loading=\"lazy\" width=\"450\" height=\"349\" src=\"http:\/\/www.youtube.com\/embed\/O5QH3qbKKoY\" frameborder=\"0\" allowfullscreen><\/iframe><br \/>\n<\/center><\/p>\n<p>Acompanhe a <strong>SEMANA MA\u00c7\u00d4NICA<\/strong> clicando <a href = \"http:\/\/www.r2cpress.com.br\/v1\/2011\/08\/14\/comemora-se-em-todo-o-brasil-a-semana-do-macom-que-vai-do-dia-15-a-20-de-agosto\/\" target = \"_news\"><b>AQUI<\/b><\/a><\/p>\n","protected":false},"excerpt":{"rendered":"<p>DIA DO MA\u00c7OM LOJA MA\u00c7\u00d4NICA ELIAS OCK\u00c9. Veja as FOTOS clicando AQUI e depois na seta para AVAN\u00c7AR. Acompanhe a SEMANA MA\u00c7\u00d4NICA clicando AQUI<\/p>\n","protected":false},"author":2,"featured_media":0,"comment_status":"open","ping_status":"open","sticky":false,"template":"","format":"standard","meta":{"_links_to":"","_links_to_target":""},"categories":[14],"tags":[],"_links":{"self":[{"href":"https:\/\/www.r2cpress.com.br\/v1\/wp-json\/wp\/v2\/posts\/22145"}],"collection":[{"href":"https:\/\/www.r2cpress.com.br\/v1\/wp-json\/wp\/v2\/posts"}],"about":[{"href":"https:\/\/www.r2cpress.com.br\/v1\/wp-json\/wp\/v2\/types\/post"}],"author":[{"embeddable":true,"href":"https:\/\/www.r2cpress.com.br\/v1\/wp-json\/wp\/v2\/users\/2"}],"replies":[{"embeddable":true,"href":"https:\/\/www.r2cpress.com.br\/v1\/wp-json\/wp\/v2\/comments?post=22145"}],"version-history":[{"count":11,"href":"https:\/\/www.r2cpress.com.br\/v1\/wp-json\/wp\/v2\/posts\/22145\/revisions"}],"predecessor-version":[{"id":22164,"href":"https:\/\/www.r2cpress.com.br\/v1\/wp-json\/wp\/v2\/posts\/22145\/revisions\/22164"}],"wp:attachment":[{"href":"https:\/\/www.r2cpress.com.br\/v1\/wp-json\/wp\/v2\/media?parent=22145"}],"wp:term":[{"taxonomy":"category","embeddable":true,"href":"https:\/\/www.r2cpress.com.br\/v1\/wp-json\/wp\/v2\/categories?post=22145"},{"taxonomy":"post_tag","embeddable":true,"href":"https:\/\/www.r2cpress.com.br\/v1\/wp-json\/wp\/v2\/tags?post=22145"}],"curies":[{"name":"wp","href":"https:\/\/api.w.org\/{rel}","templated":true}]}}