{"id":22166,"date":"2011-08-17T10:51:05","date_gmt":"2011-08-17T13:51:05","guid":{"rendered":"http:\/\/www.r2cpress.com.br\/v1\/?p=22166"},"modified":"2011-08-17T10:51:05","modified_gmt":"2011-08-17T13:51:05","slug":"morre-gustavo-cesar-diretor-do-hospital-geral-luiz-viana-filho","status":"publish","type":"post","link":"https:\/\/www.r2cpress.com.br\/v1\/2011\/08\/17\/morre-gustavo-cesar-diretor-do-hospital-geral-luiz-viana-filho\/","title":{"rendered":"Morre Gustavo C\u00e9sar, diretor do Hospital Geral Luiz Viana Filho"},"content":{"rendered":"<p><div style=\"width: 260px\" class=\"wp-caption alignright\"><img loading=\"lazy\" alt=\"Gustavo, um homem reflexivo  (Cr\u00e9dito: JBO)\" src=\"http:\/\/www.jornalbahiaonline.com.br\/resize.asp?path=fotos\/11484.jpg&#038;d=250\" title=\"Gustavo, um homem reflexivo  (Cr\u00e9dito: JBO)\" width=\"250\" height=\"187\" \/><p class=\"wp-caption-text\">Gustavo, um homem reflexivo  (Cr\u00e9dito: JBO)<\/p><\/div>Faleceu na madrugada desta quarta-feira (17), o fisioterapeuta Gustavo C\u00e9sar da Silveira, diretor do Hospital Geral Luiz Viana Filho, em Ilh\u00e9us. &#8220;Gustav\u00e3o&#8221;, como era mais conhecido, estava internado h\u00e1 cerca de 10 dias na Unidade de Terapia Intensiva do HGLVF, v\u00edtima de uma infec\u00e7\u00e3o generalizada.<\/p>\n<p>Diab\u00e9tico, Gustavo teria passado mal ap\u00f3s participar de um almo\u00e7o e foi levado para a UTI do S\u00e3o Jos\u00e9. Dias depois, com a piora do quadro, o fisioterapeuta foi transferido para o Hospital Geral, apresentando um quadro cr\u00edtico de sa\u00fade.<\/p>\n<p>O corpo de Gustavo C\u00e9sar ser\u00e1 velado ao lado do F\u00f3rum Epaminondas Berbert de Castro durante a manh\u00e3 de hoje. O enterro deve acontecer no Cemit\u00e9rio da Vit\u00f3ria, no final da tarde. Gustavo &#8211; figura importante no Partido Comunista do Brasil (PCdoB) &#8211; deixa 4 filhos e um trabalho competente de recupera\u00e7\u00e3o do Hospital Geral.<\/p>\n<p>As informa\u00e7\u00f5es s\u00e3o do <a href = \"http:\/\/www.jornalbahiaonline.com.br\/index.asp?noticia=14387\" target = \"_news\"><b>Jornal Bahia Online<\/b><\/a><\/p>\n","protected":false},"excerpt":{"rendered":"<p>Faleceu na madrugada desta quarta-feira (17), o fisioterapeuta Gustavo C\u00e9sar da Silveira, diretor do Hospital Geral Luiz Viana Filho, em Ilh\u00e9us. &#8220;Gustav\u00e3o&#8221;, como era mais conhecido, estava internado h\u00e1 cerca de 10 dias na Unidade de Terapia Intensiva do HGLVF, v\u00edtima de uma infec\u00e7\u00e3o generalizada. Diab\u00e9tico, Gustavo teria passado mal ap\u00f3s participar de um almo\u00e7o [&hellip;]<\/p>\n","protected":false},"author":2,"featured_media":0,"comment_status":"open","ping_status":"open","sticky":false,"template":"","format":"standard","meta":{"_links_to":"","_links_to_target":""},"categories":[1],"tags":[],"_links":{"self":[{"href":"https:\/\/www.r2cpress.com.br\/v1\/wp-json\/wp\/v2\/posts\/22166"}],"collection":[{"href":"https:\/\/www.r2cpress.com.br\/v1\/wp-json\/wp\/v2\/posts"}],"about":[{"href":"https:\/\/www.r2cpress.com.br\/v1\/wp-json\/wp\/v2\/types\/post"}],"author":[{"embeddable":true,"href":"https:\/\/www.r2cpress.com.br\/v1\/wp-json\/wp\/v2\/users\/2"}],"replies":[{"embeddable":true,"href":"https:\/\/www.r2cpress.com.br\/v1\/wp-json\/wp\/v2\/comments?post=22166"}],"version-history":[{"count":3,"href":"https:\/\/www.r2cpress.com.br\/v1\/wp-json\/wp\/v2\/posts\/22166\/revisions"}],"predecessor-version":[{"id":22169,"href":"https:\/\/www.r2cpress.com.br\/v1\/wp-json\/wp\/v2\/posts\/22166\/revisions\/22169"}],"wp:attachment":[{"href":"https:\/\/www.r2cpress.com.br\/v1\/wp-json\/wp\/v2\/media?parent=22166"}],"wp:term":[{"taxonomy":"category","embeddable":true,"href":"https:\/\/www.r2cpress.com.br\/v1\/wp-json\/wp\/v2\/categories?post=22166"},{"taxonomy":"post_tag","embeddable":true,"href":"https:\/\/www.r2cpress.com.br\/v1\/wp-json\/wp\/v2\/tags?post=22166"}],"curies":[{"name":"wp","href":"https:\/\/api.w.org\/{rel}","templated":true}]}}