{"id":22177,"date":"2011-08-17T11:58:22","date_gmt":"2011-08-17T14:58:22","guid":{"rendered":"http:\/\/www.r2cpress.com.br\/v1\/?p=22177"},"modified":"2011-08-17T11:58:22","modified_gmt":"2011-08-17T14:58:22","slug":"alfredo-amorim-da-silveira-em-contra-foto-nao-ha-argumento","status":"publish","type":"post","link":"https:\/\/www.r2cpress.com.br\/v1\/2011\/08\/17\/alfredo-amorim-da-silveira-em-contra-foto-nao-ha-argumento\/","title":{"rendered":"Alfredo Amorim da Silveira em: Contra foto n\u00e3o h\u00e1 argumento"},"content":{"rendered":"<p><strong>Para relembrar os velhos tempos<\/strong><\/p>\n<div id=\"attachment_22178\" style=\"width: 310px\" class=\"wp-caption aligncenter\"><a href=\"http:\/\/www.r2cpress.com.br\/v1\/wp-content\/uploads\/alfredinho-contra-F.jpg\"><img aria-describedby=\"caption-attachment-22178\" loading=\"lazy\" src=\"http:\/\/www.r2cpress.com.br\/v1\/wp-content\/uploads\/alfredinho-contra-F-300x206.jpg\" alt=\"\" title=\"Para relembrar os velhos tempos Revista do acervo de Umberto M\u00e1rques Foto: Cl\u00edcia L\u00edrio Revista produzida por: Janete Mendon\u00e7a Badar\u00f3 Colaboradores: Arl\u00e9o Barbosa, Pedrone, Olginha Cardoso, Mauro Machado, Quinto de Souza, Paulo Paiva, Roberto Barreto da Silva, Ariston Cardoso, Jorge Zaidan, L\u00edcia Moreno Santos, Roberto Santana, El\u00e9us Leonardo de S\u00e1, Serafim Reis, Paulo de Marco, Roberto Rabat e Gilvan Gonzaga. CLIQUE PARA AMPLIAR. \" width=\"300\" height=\"206\" class=\"size-medium wp-image-22178\" srcset=\"https:\/\/www.r2cpress.com.br\/v1\/wp-content\/uploads\/alfredinho-contra-F-300x206.jpg 300w, https:\/\/www.r2cpress.com.br\/v1\/wp-content\/uploads\/alfredinho-contra-F.jpg 973w\" sizes=\"(max-width: 300px) 100vw, 300px\" \/><\/a><p id=\"caption-attachment-22178\" class=\"wp-caption-text\">Para relembrar os velhos tempos Revista do acervo de Umberto M\u00e1rques Foto: Cl\u00edcia L\u00edrio Revista produzida por: Janete Mendon\u00e7a Badar\u00f3 Colaboradores: Arl\u00e9o Barbosa, Pedrone, Olginha Cardoso, Mauro Machado, Quinto de Souza, Paulo Paiva, Roberto Barreto da Silva, Ariston Cardoso, Jorge Zaidan, L\u00edcia Moreno Santos, Roberto Santana, El\u00e9us Leonardo de S\u00e1, Serafim Reis, Paulo de Marco, Roberto Rabat e Gilvan Gonzaga. CLIQUE PARA AMPLIAR.<\/p><\/div>\n","protected":false},"excerpt":{"rendered":"<p>Para relembrar os velhos tempos<\/p>\n","protected":false},"author":2,"featured_media":0,"comment_status":"open","ping_status":"open","sticky":false,"template":"","format":"standard","meta":{"_links_to":"","_links_to_target":""},"categories":[10],"tags":[],"_links":{"self":[{"href":"https:\/\/www.r2cpress.com.br\/v1\/wp-json\/wp\/v2\/posts\/22177"}],"collection":[{"href":"https:\/\/www.r2cpress.com.br\/v1\/wp-json\/wp\/v2\/posts"}],"about":[{"href":"https:\/\/www.r2cpress.com.br\/v1\/wp-json\/wp\/v2\/types\/post"}],"author":[{"embeddable":true,"href":"https:\/\/www.r2cpress.com.br\/v1\/wp-json\/wp\/v2\/users\/2"}],"replies":[{"embeddable":true,"href":"https:\/\/www.r2cpress.com.br\/v1\/wp-json\/wp\/v2\/comments?post=22177"}],"version-history":[{"count":5,"href":"https:\/\/www.r2cpress.com.br\/v1\/wp-json\/wp\/v2\/posts\/22177\/revisions"}],"predecessor-version":[{"id":22183,"href":"https:\/\/www.r2cpress.com.br\/v1\/wp-json\/wp\/v2\/posts\/22177\/revisions\/22183"}],"wp:attachment":[{"href":"https:\/\/www.r2cpress.com.br\/v1\/wp-json\/wp\/v2\/media?parent=22177"}],"wp:term":[{"taxonomy":"category","embeddable":true,"href":"https:\/\/www.r2cpress.com.br\/v1\/wp-json\/wp\/v2\/categories?post=22177"},{"taxonomy":"post_tag","embeddable":true,"href":"https:\/\/www.r2cpress.com.br\/v1\/wp-json\/wp\/v2\/tags?post=22177"}],"curies":[{"name":"wp","href":"https:\/\/api.w.org\/{rel}","templated":true}]}}